{"id":15682,"date":"2021-06-25T12:30:54","date_gmt":"2021-06-25T17:30:54","guid":{"rendered":"https:\/\/encuentroinformativo.com.mx\/?p=15682"},"modified":"2021-06-25T12:30:58","modified_gmt":"2021-06-25T17:30:58","slug":"solicitan-apoyo-de-las-autoridades-para-trasladar-cuerpo-de-familiar-fallecido-en-jalisco","status":"publish","type":"post","link":"https:\/\/encuentroinformativo.com.mx\/?p=15682","title":{"rendered":"Solicitan apoyo de las autoridades para trasladar cuerpo de familiar fallecido en Jalisco"},"content":{"rendered":"\n<p><strong>Dar\u00edo Pale<\/strong><\/p>\n\n\n\n<p>Xalapa, Ver.- La se\u00f1ora Guillermina Hern\u00e1ndez Ram\u00edrez y su hija Mar\u00eda Selena Hern\u00e1ndez Hern\u00e1ndez de Ilamatl\u00e1n solicitaron el gobernador del estado y de la Fiscal\u00eda General del Estado para que los apoye al traslado del cuerpo de su hermano Juan Andr\u00e9s Hern\u00e1ndez Hern\u00e1ndez de 20 a\u00f1os quien falleci\u00f3 en Tlaquepaque, Jalisco.<\/p>\n\n\n\n<p>En conferencia de prensa realizada en conocido caf\u00e9 del centro, el se\u00f1or Jos\u00e9 de Jes\u00fas  Espa\u00f1a Cadena a nombre de la mam\u00e1 del joven fallecido quien solo habla N\u00e1huatl dio a conocer que la fiscal\u00eda de Jalisco les aviso el pasado mi\u00e9rcoles que ten\u00edan que ir a identificar el cuerpo de su familiar.<\/p>\n\n\n\n<p>La fiscal\u00eda les dio a conocer que tienen que ir a reclamar el cuerpo que est\u00e1 en Tlaquepaque Jalisco para hacer las pruebas de ADN y poder trasladarlo a su lugar de origen, pero lamentablemente por su situaci\u00f3n econ\u00f3mica ellos no cuentan con los recursos econ\u00f3micos para el traslado.<\/p>\n\n\n\n<p>Por lo anterior est\u00e1n solicitando al gobierno del estado que intervenga para poder trasladar el cuerpo.<\/p>\n\n\n\n<p>La hija de la se\u00f1ora Mar\u00eda Selena Hern\u00e1ndez Hern\u00e1ndez &#8220;estamos solicitando al gobernador que nos apoye para trasladar a mi hermano y llevar su cuerpo a donde naci\u00f3 y pido el apoyo por favor que nos apoyen ya que no tenemos dinero somos pobre, los que puedan ayudar por favor para pedirle al gobernador que nos ayude&#8221;.<\/p>\n\n\n\n<p>Comentaron que desconocen el motivo de su fallecimiento por eso quieren trasladarse para identificar el cuerpo y ver cu\u00e1l fue el motivo de su muerte el sali\u00f3 de su casa el5 dentro del presente a\u00f1o a trabajar y buscar el apoyo para mantener a su familia ya que su pap\u00e1 trabaja en el campo y gana muy poco.<\/p>\n\n\n\n<p>El joven fue localizado muerto el d\u00eda 15 de marzo en Tlaquepaque Jalisco y apenas el d\u00eda mi\u00e9rcoles les notificaron a sus familiares y debido a que no cuentan con recursos le solicitan apoyo al gobierno del estado para los gastos.<\/p>\n\n\n\n<p>Finalmente se\u00f1alaron que Ilamatl\u00e1n es el municipio m\u00e1s pobre del estado de Veracruz adem\u00e1s de ser el de m\u00e1s dif\u00edcil acceso ya que son 12 horas de viaje debido a que tienen que salir por el estado de Hidalgo para poder llegar a Xalapa.<\/p>\n","protected":false},"excerpt":{"rendered":"<p>Dar\u00edo Pale Xalapa, Ver.- La se\u00f1ora Guillermina Hern\u00e1ndez Ram\u00edrez y su hija Mar\u00eda Selena Hern\u00e1ndez Hern\u00e1ndez de Ilamatl\u00e1n solicitaron el gobernador del estado y de la Fiscal\u00eda General del Estado para que los apoye al traslado del cuerpo de su hermano Juan Andr\u00e9s Hern\u00e1ndez Hern\u00e1ndez de 20 a\u00f1os quien falleci\u00f3 en Tlaquepaque, Jalisco. En conferencia [&hellip;]<\/p>\n","protected":false},"author":1,"featured_media":15683,"comment_status":"open","ping_status":"open","sticky":false,"template":"","format":"standard","meta":{"_jetpack_memberships_contains_paid_content":false,"footnotes":""},"categories":[2],"tags":[],"class_list":["post-15682","post","type-post","status-publish","format-standard","has-post-thumbnail","hentry","category-estado"],"jetpack_featured_media_url":"https:\/\/encuentroinformativo.com.mx\/wp-content\/uploads\/2021\/06\/E086FFDD-D41C-418B-800C-5AE6BF3B76D5.jpeg","jetpack_sharing_enabled":true,"jetpack_likes_enabled":true,"amp_enabled":true,"_links":{"self":[{"href":"https:\/\/encuentroinformativo.com.mx\/index.php?rest_route=\/wp\/v2\/posts\/15682","targetHints":{"allow":["GET"]}}],"collection":[{"href":"https:\/\/encuentroinformativo.com.mx\/index.php?rest_route=\/wp\/v2\/posts"}],"about":[{"href":"https:\/\/encuentroinformativo.com.mx\/index.php?rest_route=\/wp\/v2\/types\/post"}],"author":[{"embeddable":true,"href":"https:\/\/encuentroinformativo.com.mx\/index.php?rest_route=\/wp\/v2\/users\/1"}],"replies":[{"embeddable":true,"href":"https:\/\/encuentroinformativo.com.mx\/index.php?rest_route=%2Fwp%2Fv2%2Fcomments&post=15682"}],"version-history":[{"count":1,"href":"https:\/\/encuentroinformativo.com.mx\/index.php?rest_route=\/wp\/v2\/posts\/15682\/revisions"}],"predecessor-version":[{"id":15684,"href":"https:\/\/encuentroinformativo.com.mx\/index.php?rest_route=\/wp\/v2\/posts\/15682\/revisions\/15684"}],"wp:featuredmedia":[{"embeddable":true,"href":"https:\/\/encuentroinformativo.com.mx\/index.php?rest_route=\/wp\/v2\/media\/15683"}],"wp:attachment":[{"href":"https:\/\/encuentroinformativo.com.mx\/index.php?rest_route=%2Fwp%2Fv2%2Fmedia&parent=15682"}],"wp:term":[{"taxonomy":"category","embeddable":true,"href":"https:\/\/encuentroinformativo.com.mx\/index.php?rest_route=%2Fwp%2Fv2%2Fcategories&post=15682"},{"taxonomy":"post_tag","embeddable":true,"href":"https:\/\/encuentroinformativo.com.mx\/index.php?rest_route=%2Fwp%2Fv2%2Ftags&post=15682"}],"curies":[{"name":"wp","href":"https:\/\/api.w.org\/{rel}","templated":true}]}}