{"id":15702,"date":"2021-06-25T13:16:24","date_gmt":"2021-06-25T18:16:24","guid":{"rendered":"https:\/\/encuentroinformativo.com.mx\/?p=15702"},"modified":"2021-06-25T13:16:28","modified_gmt":"2021-06-25T18:16:28","slug":"no-buscare-confrontamiento-paty-lobeira","status":"publish","type":"post","link":"https:\/\/encuentroinformativo.com.mx\/?p=15702","title":{"rendered":"No buscar\u00e9 confrontamiento: Paty Lobeira"},"content":{"rendered":"\n<p><strong>Alejandro \u00c1vila<\/strong><\/p>\n\n\n\n<p>Veracruz, Ver. \u2013 La alcaldesa electa del municipio de Veracruz, Patricia Lobeira Rodr\u00edguez, asegur\u00f3 estar m\u00e1s fuerte que nunca para resistir los embates de los opositores al proyecto que encabezar\u00e1 a partir del 2022.<\/p>\n\n\n\n<p>En entrevista para el programa en medios digitales Siete\/20 el Podcast, enfatiz\u00f3 que no buscar\u00e1 de ninguna manera el confrontamiento con otros grupos pol\u00edticos, pero se\u00f1al\u00f3 que a lo largo de 14 a\u00f1os que han sido oposici\u00f3n, ha logrado prepararse para afrontar este reto, reconociendo que en ocasiones las narrativas en contra de su familia han sido crueles o hasta despiadadas.<\/p>\n\n\n\n<p>\u201cLlevamos ya 14 a\u00f1os de ser oposici\u00f3n, la narrativa en contra de mi familia en general ha sido bastante fuerte, bastante cruel, despiadada algunas veces, pero nosotros lo hemos sabido ir pasando, demostrando con trabajo quienes somos, la gente ya nos conoce, en Boca del Rio la gente vio nuestro trabajo, y tambi\u00e9n aqu\u00ed en Veracruz, por eso nos recibieron tan bien, porque vieron que somos gente de trabajo, gente decente y dejaron ellos mismos al lado toda esa guerra sucia que puede venir. Yo te puedo decir que en estos 14 a\u00f1os s\u00ed me he fortalecido, he hecho esa piel que se necesita y estoy m\u00e1s fuerte que nunca para aguantar cualquier guerra sucia que se pudiera venir\u201d, subray\u00f3.<\/p>\n\n\n\n<p>Al respecto del probable gabinete que conformar\u00e1, expuso que existe muchas posibilidades que miembros del actual Ayuntamiento de Veracruz puedan continuar desempe\u00f1\u00e1ndose como hasta ahora, pues a muchos de ellos dijo conocerlos desde su labor en el municipio de Boca del R\u00edo y conoce de sus capacidades.<\/p>\n\n\n\n<p>\u201cS\u00ed claro, por supuesto. Realmente es un equipo que nosotros venimos formando desde hace 14 a\u00f1os, es un capital pol\u00edtico muy importante y que han hecho una buena labor y que han trabajado mucho, y claro esto va a continuar (\u2026) las habilidades que tengan, yo creo que una fortaleza que debe de tener un pol\u00edtico o un administrador p\u00fablico, es rodearse de gente capaz y de gente experta en la materia, nosotros como pol\u00edticos no somos expertos en todo. Entonces es importante de rodearse de los mejores\u201d, remat\u00f3.<\/p>\n","protected":false},"excerpt":{"rendered":"<p>Alejandro \u00c1vila Veracruz, Ver. \u2013 La alcaldesa electa del municipio de Veracruz, Patricia Lobeira Rodr\u00edguez, asegur\u00f3 estar m\u00e1s fuerte que nunca para resistir los embates de los opositores al proyecto que encabezar\u00e1 a partir del 2022. En entrevista para el programa en medios digitales Siete\/20 el Podcast, enfatiz\u00f3 que no buscar\u00e1 de ninguna manera el [&hellip;]<\/p>\n","protected":false},"author":1,"featured_media":15703,"comment_status":"open","ping_status":"open","sticky":false,"template":"","format":"standard","meta":{"_jetpack_memberships_contains_paid_content":false,"footnotes":""},"categories":[2],"tags":[],"class_list":["post-15702","post","type-post","status-publish","format-standard","has-post-thumbnail","hentry","category-estado"],"jetpack_featured_media_url":"https:\/\/encuentroinformativo.com.mx\/wp-content\/uploads\/2021\/06\/70849348-40D4-404C-BF95-8CAAFE36AAAA.jpeg","jetpack_sharing_enabled":true,"jetpack_likes_enabled":true,"amp_enabled":true,"_links":{"self":[{"href":"https:\/\/encuentroinformativo.com.mx\/index.php?rest_route=\/wp\/v2\/posts\/15702","targetHints":{"allow":["GET"]}}],"collection":[{"href":"https:\/\/encuentroinformativo.com.mx\/index.php?rest_route=\/wp\/v2\/posts"}],"about":[{"href":"https:\/\/encuentroinformativo.com.mx\/index.php?rest_route=\/wp\/v2\/types\/post"}],"author":[{"embeddable":true,"href":"https:\/\/encuentroinformativo.com.mx\/index.php?rest_route=\/wp\/v2\/users\/1"}],"replies":[{"embeddable":true,"href":"https:\/\/encuentroinformativo.com.mx\/index.php?rest_route=%2Fwp%2Fv2%2Fcomments&post=15702"}],"version-history":[{"count":1,"href":"https:\/\/encuentroinformativo.com.mx\/index.php?rest_route=\/wp\/v2\/posts\/15702\/revisions"}],"predecessor-version":[{"id":15704,"href":"https:\/\/encuentroinformativo.com.mx\/index.php?rest_route=\/wp\/v2\/posts\/15702\/revisions\/15704"}],"wp:featuredmedia":[{"embeddable":true,"href":"https:\/\/encuentroinformativo.com.mx\/index.php?rest_route=\/wp\/v2\/media\/15703"}],"wp:attachment":[{"href":"https:\/\/encuentroinformativo.com.mx\/index.php?rest_route=%2Fwp%2Fv2%2Fmedia&parent=15702"}],"wp:term":[{"taxonomy":"category","embeddable":true,"href":"https:\/\/encuentroinformativo.com.mx\/index.php?rest_route=%2Fwp%2Fv2%2Fcategories&post=15702"},{"taxonomy":"post_tag","embeddable":true,"href":"https:\/\/encuentroinformativo.com.mx\/index.php?rest_route=%2Fwp%2Fv2%2Ftags&post=15702"}],"curies":[{"name":"wp","href":"https:\/\/api.w.org\/{rel}","templated":true}]}}