{"id":15708,"date":"2021-06-25T17:12:52","date_gmt":"2021-06-25T22:12:52","guid":{"rendered":"https:\/\/encuentroinformativo.com.mx\/?p=15708"},"modified":"2021-06-25T17:12:56","modified_gmt":"2021-06-25T22:12:56","slug":"wtc-tendra-35-eventos-en-cierre-del-2021","status":"publish","type":"post","link":"https:\/\/encuentroinformativo.com.mx\/?p=15708","title":{"rendered":"WTC tendr\u00e1 35 eventos en cierre del 2021"},"content":{"rendered":"\n<p><strong>Alejandro \u00c1vila<\/strong><\/p>\n\n\n\n<p>Boca del R\u00edo, Ver.- Aproximadamente 35 eventos son los que se tienen programados en el World Trade Center de Boca del R\u00edo, durante los \u00faltimos seis meses del 2021, inform\u00f3, el encargado del recinto, Adri\u00e1n Garc\u00eda Salda\u00f1a.<\/p>\n\n\n\n<p>El administrador del centro de convenciones, detall\u00f3 que el aforo permitido depender\u00e1 del color del semaforo al momento -Boca del R\u00edo es amarillo-; por lo que solo hasta el color verde se tendr\u00e1 el cien por ciento permitido.<\/p>\n\n\n\n<p>&#8220;Entre treinta y treinta y cinco eventos, entre congresos, exposiciones, eventos sociales, Conciertos (\u2026)\u00a0depende del tipo del evento, nosotros tenemos que enforcarnos cien por ciento al tema de sem\u00e1foro, nuestros salones est\u00e1n aforados por un n\u00famero determinado, entonces nosotros lo que ofrecemos al cliente, el 75 por ciento en caso del sem\u00e1foro amarillo, en caso del sem\u00e1foro verde, pues el cien por ciento\u201d, subray\u00f3.<\/p>\n\n\n\n<p>Garc\u00eda Salda\u00f1a mencion\u00f3 que afortunadamente los congresos que se ten\u00edan en agenda el 2020 no fueron cancelados, y est\u00e1n siendo reprogramados en 2021.<\/p>\n\n\n\n<p>\u201cLos meses originales para los congresos, durante toda la vida en Veracruz, han sido los meses de septiembre, octubre y noviembre. Es importante destacar que los congresos que se iban a realizar en 2020 no se cancelaron, se reagendaron, entonces se van a llevar a cabo este a\u00f1o\u201d, destac\u00f3.<\/p>\n\n\n\n<p>Finalmente coment\u00f3 que a partir de octubre del 2020, el World Trade Center depende directamente de la Secretar\u00eda de Turismo de Veracruz, por lo que el presupuesto para el mantenimiento del lugar y la n\u00f3mina no corrieron riesgo en pandemia.<\/p>\n","protected":false},"excerpt":{"rendered":"<p>Alejandro \u00c1vila Boca del R\u00edo, Ver.- Aproximadamente 35 eventos son los que se tienen programados en el World Trade Center de Boca del R\u00edo, durante los \u00faltimos seis meses del 2021, inform\u00f3, el encargado del recinto, Adri\u00e1n Garc\u00eda Salda\u00f1a. El administrador del centro de convenciones, detall\u00f3 que el aforo permitido depender\u00e1 del color del semaforo [&hellip;]<\/p>\n","protected":false},"author":1,"featured_media":15709,"comment_status":"open","ping_status":"open","sticky":false,"template":"","format":"standard","meta":{"_jetpack_memberships_contains_paid_content":false,"footnotes":""},"categories":[2],"tags":[],"class_list":["post-15708","post","type-post","status-publish","format-standard","has-post-thumbnail","hentry","category-estado"],"jetpack_featured_media_url":"https:\/\/encuentroinformativo.com.mx\/wp-content\/uploads\/2021\/06\/65411FA8-81FA-45CC-AB5F-E91F28C4DDBC.jpeg","jetpack_sharing_enabled":true,"jetpack_likes_enabled":true,"amp_enabled":true,"_links":{"self":[{"href":"https:\/\/encuentroinformativo.com.mx\/index.php?rest_route=\/wp\/v2\/posts\/15708","targetHints":{"allow":["GET"]}}],"collection":[{"href":"https:\/\/encuentroinformativo.com.mx\/index.php?rest_route=\/wp\/v2\/posts"}],"about":[{"href":"https:\/\/encuentroinformativo.com.mx\/index.php?rest_route=\/wp\/v2\/types\/post"}],"author":[{"embeddable":true,"href":"https:\/\/encuentroinformativo.com.mx\/index.php?rest_route=\/wp\/v2\/users\/1"}],"replies":[{"embeddable":true,"href":"https:\/\/encuentroinformativo.com.mx\/index.php?rest_route=%2Fwp%2Fv2%2Fcomments&post=15708"}],"version-history":[{"count":1,"href":"https:\/\/encuentroinformativo.com.mx\/index.php?rest_route=\/wp\/v2\/posts\/15708\/revisions"}],"predecessor-version":[{"id":15710,"href":"https:\/\/encuentroinformativo.com.mx\/index.php?rest_route=\/wp\/v2\/posts\/15708\/revisions\/15710"}],"wp:featuredmedia":[{"embeddable":true,"href":"https:\/\/encuentroinformativo.com.mx\/index.php?rest_route=\/wp\/v2\/media\/15709"}],"wp:attachment":[{"href":"https:\/\/encuentroinformativo.com.mx\/index.php?rest_route=%2Fwp%2Fv2%2Fmedia&parent=15708"}],"wp:term":[{"taxonomy":"category","embeddable":true,"href":"https:\/\/encuentroinformativo.com.mx\/index.php?rest_route=%2Fwp%2Fv2%2Fcategories&post=15708"},{"taxonomy":"post_tag","embeddable":true,"href":"https:\/\/encuentroinformativo.com.mx\/index.php?rest_route=%2Fwp%2Fv2%2Ftags&post=15708"}],"curies":[{"name":"wp","href":"https:\/\/api.w.org\/{rel}","templated":true}]}}