{"id":15711,"date":"2021-06-25T17:19:07","date_gmt":"2021-06-25T22:19:07","guid":{"rendered":"https:\/\/encuentroinformativo.com.mx\/?p=15711"},"modified":"2021-06-25T17:19:12","modified_gmt":"2021-06-25T22:19:12","slug":"confia-sectur-en-tener-semaforo-verde-para-vacaciones-de-verano","status":"publish","type":"post","link":"https:\/\/encuentroinformativo.com.mx\/?p=15711","title":{"rendered":"Conf\u00eda Sectur en tener sem\u00e1foro verde para vacaciones de verano"},"content":{"rendered":"\n<p><strong>Alejandro \u00c1vila<\/strong><\/p>\n\n\n\n<p>Boca del R\u00edo, Ver. \u2013 La secretaria de Turismo de Veracruz, Xochitl Arbes\u00fa Lago, dijo que conf\u00edan que para el 5 o 6 de julio ya puedan volver a estar en sem\u00e1foro verde en toda la entidad veracruzana, ya que as\u00ed no se afectar\u00eda a los prestadores de servicios tur\u00edsticos y se continuar\u00eda reactivando la econom\u00eda en los municipios.<\/p>\n\n\n\n<p>La funcionaria estatal mencion\u00f3 que la re semaforizaci\u00f3n hecha por la Secretar\u00eda de Salud, se trata b\u00e1sicamente de una semana intensiva de cuidados para contener una tercera ola de contagios masivos de COVID-19; aunque asegur\u00f3 tener confianza en los ciudadanos, en que sepan cuidarse para poder salir pronto de la situaci\u00f3n.<\/p>\n\n\n\n<p>\u201cEstemos en amarillo o en verde, solamente cambian las capacidades, la cantidad de aforos y dem\u00e1s, pero estamos preparados para recibirlos. Realmente esperamos, de una manera conservadora que podamos estar llegando al 40 o al 50 por ciento de ocupaci\u00f3n hotelera en todo el Estado, obviamente los destinos tur\u00edsticos que ya conocemos pues seguramente tendr\u00e1n una ocupaci\u00f3n m\u00e1s alta.<\/p>\n\n\n\n<p>Pero ya con un 50 por ciento de ocupaci\u00f3n, aunque no es lo \u00f3ptimo, pues si pueden darle un respiro, una bocanada de aire fresco a muchos de nuestros paisanos\u201d, resalt\u00f3.<\/p>\n\n\n\n<p>Al respecto de las zonas arqueol\u00f3gicas que hay en Veracruz, dijo que la apertura de las mismas est\u00e1 a cargo del Instituto Nacional de Antropolog\u00eda e Historia (INAH), y aunque ella quisiera que ya est\u00e9n abierto al p\u00fablico, ser\u00e1 la dependencia federal quien decida en que fecha, aunque se espera sea antes de las vacaciones de verano.<\/p>\n","protected":false},"excerpt":{"rendered":"<p>Alejandro \u00c1vila Boca del R\u00edo, Ver. \u2013 La secretaria de Turismo de Veracruz, Xochitl Arbes\u00fa Lago, dijo que conf\u00edan que para el 5 o 6 de julio ya puedan volver a estar en sem\u00e1foro verde en toda la entidad veracruzana, ya que as\u00ed no se afectar\u00eda a los prestadores de servicios tur\u00edsticos y se continuar\u00eda [&hellip;]<\/p>\n","protected":false},"author":1,"featured_media":15712,"comment_status":"open","ping_status":"open","sticky":false,"template":"","format":"standard","meta":{"_jetpack_memberships_contains_paid_content":false,"footnotes":""},"categories":[2],"tags":[],"class_list":["post-15711","post","type-post","status-publish","format-standard","has-post-thumbnail","hentry","category-estado"],"jetpack_featured_media_url":"https:\/\/encuentroinformativo.com.mx\/wp-content\/uploads\/2021\/06\/D4EFF6AC-EAFC-471A-999F-5C8CFCAC1B22.jpeg","jetpack_sharing_enabled":true,"jetpack_likes_enabled":true,"amp_enabled":true,"_links":{"self":[{"href":"https:\/\/encuentroinformativo.com.mx\/index.php?rest_route=\/wp\/v2\/posts\/15711","targetHints":{"allow":["GET"]}}],"collection":[{"href":"https:\/\/encuentroinformativo.com.mx\/index.php?rest_route=\/wp\/v2\/posts"}],"about":[{"href":"https:\/\/encuentroinformativo.com.mx\/index.php?rest_route=\/wp\/v2\/types\/post"}],"author":[{"embeddable":true,"href":"https:\/\/encuentroinformativo.com.mx\/index.php?rest_route=\/wp\/v2\/users\/1"}],"replies":[{"embeddable":true,"href":"https:\/\/encuentroinformativo.com.mx\/index.php?rest_route=%2Fwp%2Fv2%2Fcomments&post=15711"}],"version-history":[{"count":1,"href":"https:\/\/encuentroinformativo.com.mx\/index.php?rest_route=\/wp\/v2\/posts\/15711\/revisions"}],"predecessor-version":[{"id":15713,"href":"https:\/\/encuentroinformativo.com.mx\/index.php?rest_route=\/wp\/v2\/posts\/15711\/revisions\/15713"}],"wp:featuredmedia":[{"embeddable":true,"href":"https:\/\/encuentroinformativo.com.mx\/index.php?rest_route=\/wp\/v2\/media\/15712"}],"wp:attachment":[{"href":"https:\/\/encuentroinformativo.com.mx\/index.php?rest_route=%2Fwp%2Fv2%2Fmedia&parent=15711"}],"wp:term":[{"taxonomy":"category","embeddable":true,"href":"https:\/\/encuentroinformativo.com.mx\/index.php?rest_route=%2Fwp%2Fv2%2Fcategories&post=15711"},{"taxonomy":"post_tag","embeddable":true,"href":"https:\/\/encuentroinformativo.com.mx\/index.php?rest_route=%2Fwp%2Fv2%2Ftags&post=15711"}],"curies":[{"name":"wp","href":"https:\/\/api.w.org\/{rel}","templated":true}]}}