{"id":15714,"date":"2021-06-25T17:24:45","date_gmt":"2021-06-25T22:24:45","guid":{"rendered":"https:\/\/encuentroinformativo.com.mx\/?p=15714"},"modified":"2021-06-25T17:24:48","modified_gmt":"2021-06-25T22:24:48","slug":"laboran-sin-aire-acondicionado-en-clinica-del-issste","status":"publish","type":"post","link":"https:\/\/encuentroinformativo.com.mx\/?p=15714","title":{"rendered":"Laboran sin aire acondicionado en cl\u00ednica del ISSSTE"},"content":{"rendered":"\n<p><strong>Alejandro \u00c1vila<\/strong><\/p>\n\n\n\n<p>Veracruz, Ver. \u2013 Parte de los agremiados a la secci\u00f3n 35 de trabajadores del ISSSTE y que no estaban en horario laboral, marcharon este viernes por la avenida Salvador D\u00edaz Mir\u00f3n, la principal arteria vial de la ciudad, para reclamar a la administraci\u00f3n nacional, de mantenimiento al nosocomio de Alta Especialidad en Veracruz Puerto.<\/p>\n\n\n\n<p>Los empleados se\u00f1alaron que llevan 12 a\u00f1os el edificio en total abandono, sin el mantenimiento b\u00e1sico que debe de tener el inmueble, por ello, en estas ultimas semanas todo colaps\u00f3, siendo lo m\u00e1s complicado, trabajar por m\u00e1s de 60 d\u00edas sin aire acondicionado.<\/p>\n\n\n\n<p>&#8220;Tenemos 60 d\u00edas con esta problem\u00e1tica que afecta a 1050 trabajadores de base, 300 trabajadores de confianza y 200 suplentes (\u2026) Queremos que a nivel nacional volteen a vernos (\u2026) Tenemos ventiladores, se han contratado diez ping\u00fcinos que son ventiladores para tener aire fr\u00edo&#8221;, dijo la l\u00edder sindical, Petra Carri\u00f3n.<\/p>\n\n\n\n<p>Destacaron que los servicios m\u00e9dicos no se han frenado, ya que las cirug\u00edas de emergencia se llevan a cabo, \u00fanicamente las programadas se han diferido.<\/p>\n\n\n\n<p>Reconocieron que la directora del hospital ha realizado las gestiones oportunas; sin embargo, no se ha restablecido el servicio. Aunado a ello, las altas temperaturas afectan a los pacientes y las labores de los trabajadores.<\/p>\n\n\n\n<figure class=\"wp-block-image size-large\"><img loading=\"lazy\" decoding=\"async\" width=\"1024\" height=\"768\" src=\"https:\/\/encuentroinformativo.com.mx\/wp-content\/uploads\/2021\/06\/8BB62B85-4096-46E2-B5D3-0A098FA2D375-1024x768.jpeg\" alt=\"\" class=\"wp-image-15716\" srcset=\"https:\/\/encuentroinformativo.com.mx\/wp-content\/uploads\/2021\/06\/8BB62B85-4096-46E2-B5D3-0A098FA2D375-1024x768.jpeg 1024w, https:\/\/encuentroinformativo.com.mx\/wp-content\/uploads\/2021\/06\/8BB62B85-4096-46E2-B5D3-0A098FA2D375-300x225.jpeg 300w, https:\/\/encuentroinformativo.com.mx\/wp-content\/uploads\/2021\/06\/8BB62B85-4096-46E2-B5D3-0A098FA2D375-768x576.jpeg 768w, https:\/\/encuentroinformativo.com.mx\/wp-content\/uploads\/2021\/06\/8BB62B85-4096-46E2-B5D3-0A098FA2D375-1536x1152.jpeg 1536w, https:\/\/encuentroinformativo.com.mx\/wp-content\/uploads\/2021\/06\/8BB62B85-4096-46E2-B5D3-0A098FA2D375.jpeg 1600w\" sizes=\"auto, (max-width: 1024px) 100vw, 1024px\" \/><\/figure>\n","protected":false},"excerpt":{"rendered":"<p>Alejandro \u00c1vila Veracruz, Ver. \u2013 Parte de los agremiados a la secci\u00f3n 35 de trabajadores del ISSSTE y que no estaban en horario laboral, marcharon este viernes por la avenida Salvador D\u00edaz Mir\u00f3n, la principal arteria vial de la ciudad, para reclamar a la administraci\u00f3n nacional, de mantenimiento al nosocomio de Alta Especialidad en Veracruz [&hellip;]<\/p>\n","protected":false},"author":1,"featured_media":15715,"comment_status":"open","ping_status":"open","sticky":false,"template":"","format":"standard","meta":{"_jetpack_memberships_contains_paid_content":false,"footnotes":""},"categories":[9],"tags":[],"class_list":["post-15714","post","type-post","status-publish","format-standard","has-post-thumbnail","hentry","category-salud"],"jetpack_featured_media_url":"https:\/\/encuentroinformativo.com.mx\/wp-content\/uploads\/2021\/06\/AC4C6399-212B-417E-B1A9-493F66326A09.jpeg","jetpack_sharing_enabled":true,"jetpack_likes_enabled":true,"amp_enabled":true,"_links":{"self":[{"href":"https:\/\/encuentroinformativo.com.mx\/index.php?rest_route=\/wp\/v2\/posts\/15714","targetHints":{"allow":["GET"]}}],"collection":[{"href":"https:\/\/encuentroinformativo.com.mx\/index.php?rest_route=\/wp\/v2\/posts"}],"about":[{"href":"https:\/\/encuentroinformativo.com.mx\/index.php?rest_route=\/wp\/v2\/types\/post"}],"author":[{"embeddable":true,"href":"https:\/\/encuentroinformativo.com.mx\/index.php?rest_route=\/wp\/v2\/users\/1"}],"replies":[{"embeddable":true,"href":"https:\/\/encuentroinformativo.com.mx\/index.php?rest_route=%2Fwp%2Fv2%2Fcomments&post=15714"}],"version-history":[{"count":1,"href":"https:\/\/encuentroinformativo.com.mx\/index.php?rest_route=\/wp\/v2\/posts\/15714\/revisions"}],"predecessor-version":[{"id":15717,"href":"https:\/\/encuentroinformativo.com.mx\/index.php?rest_route=\/wp\/v2\/posts\/15714\/revisions\/15717"}],"wp:featuredmedia":[{"embeddable":true,"href":"https:\/\/encuentroinformativo.com.mx\/index.php?rest_route=\/wp\/v2\/media\/15715"}],"wp:attachment":[{"href":"https:\/\/encuentroinformativo.com.mx\/index.php?rest_route=%2Fwp%2Fv2%2Fmedia&parent=15714"}],"wp:term":[{"taxonomy":"category","embeddable":true,"href":"https:\/\/encuentroinformativo.com.mx\/index.php?rest_route=%2Fwp%2Fv2%2Fcategories&post=15714"},{"taxonomy":"post_tag","embeddable":true,"href":"https:\/\/encuentroinformativo.com.mx\/index.php?rest_route=%2Fwp%2Fv2%2Ftags&post=15714"}],"curies":[{"name":"wp","href":"https:\/\/api.w.org\/{rel}","templated":true}]}}