{"id":15721,"date":"2021-06-25T18:04:09","date_gmt":"2021-06-25T23:04:09","guid":{"rendered":"https:\/\/encuentroinformativo.com.mx\/?p=15721"},"modified":"2021-06-25T18:04:13","modified_gmt":"2021-06-25T23:04:13","slug":"iniciara-vacunacion-de-40-a-49-anos-en-xalapa-y-veracruz","status":"publish","type":"post","link":"https:\/\/encuentroinformativo.com.mx\/?p=15721","title":{"rendered":"Iniciar\u00e1 vacunaci\u00f3n de 40 a 49 a\u00f1os en Xalapa y Veracruz"},"content":{"rendered":"\n<p><strong>Dar\u00edo Pale<\/strong><\/p>\n\n\n\n<p>Xalapa, Ver.- El delegado del Bienestar en Veracruz Manuel Huerta Ladr\u00f3n de Guevara dio a conocer que a partir de este lunes inicia la vacunaci\u00f3n a personas de 40 a 49 a\u00f1os en los municipios de Veracruz y Xalapa.<\/p>\n\n\n\n<p>En entrevista telef\u00f3nica dio a conocer que la jornada para este sector concluir\u00e1 el primero de julio y las sedes se dar\u00e1n a conocer en breve en los medios oficiales del Gobierno de Veracruz.<\/p>\n\n\n\n<p>&#8220;Ya empieza la jornada de vacunaci\u00f3n 40-49 para las ciudades de Xalapa y Veracruz y estaremos en otras 5 sedes completando para otros 9 municipios m\u00e1s&#8221;, coment\u00f3.<\/p>\n\n\n\n<p>Detall\u00f3 que se determinaron las ciudades de Veracruz y Xalapa por el riesgo epidemiol\u00f3gico y movilidad que registran.<\/p>\n\n\n\n<p>Coment\u00f3 tambi\u00e9n que la Jornada Nacional de Vacunaci\u00f3n contra COVID-19 para personas de 40 a 49 a\u00f1os llegar\u00e1 tambi\u00e9n a la zona norte, en Uzuluama, Ixhuatl\u00e1n de Madero y Tlalchichilco, Guti\u00e9rrez Zamora que adem\u00e1s recibir\u00e1 a la poblaci\u00f3n de Colipa, de igual forma, en Omealca y Manlio Fabio Altamirano y Tierra Blanca.<\/p>\n\n\n\n<p>Finalmente Manuel Huerta destac\u00f3 que de esta forma avanzan las acciones del Gobierno Federal a trav\u00e9s de las brigadas Correcaminos junto con la entrega de \u00a0programas \u00a0sociales en las distintas localidades del estado.<\/p>\n","protected":false},"excerpt":{"rendered":"<p>Dar\u00edo Pale Xalapa, Ver.- El delegado del Bienestar en Veracruz Manuel Huerta Ladr\u00f3n de Guevara dio a conocer que a partir de este lunes inicia la vacunaci\u00f3n a personas de 40 a 49 a\u00f1os en los municipios de Veracruz y Xalapa. En entrevista telef\u00f3nica dio a conocer que la jornada para este sector concluir\u00e1 el [&hellip;]<\/p>\n","protected":false},"author":1,"featured_media":15722,"comment_status":"open","ping_status":"open","sticky":false,"template":"","format":"standard","meta":{"_jetpack_memberships_contains_paid_content":false,"footnotes":""},"categories":[9],"tags":[],"class_list":["post-15721","post","type-post","status-publish","format-standard","has-post-thumbnail","hentry","category-salud"],"jetpack_featured_media_url":"https:\/\/encuentroinformativo.com.mx\/wp-content\/uploads\/2021\/06\/F9BB8EE5-3EE1-47EB-B07C-F74465694E16.jpeg","jetpack_sharing_enabled":true,"jetpack_likes_enabled":true,"amp_enabled":true,"_links":{"self":[{"href":"https:\/\/encuentroinformativo.com.mx\/index.php?rest_route=\/wp\/v2\/posts\/15721","targetHints":{"allow":["GET"]}}],"collection":[{"href":"https:\/\/encuentroinformativo.com.mx\/index.php?rest_route=\/wp\/v2\/posts"}],"about":[{"href":"https:\/\/encuentroinformativo.com.mx\/index.php?rest_route=\/wp\/v2\/types\/post"}],"author":[{"embeddable":true,"href":"https:\/\/encuentroinformativo.com.mx\/index.php?rest_route=\/wp\/v2\/users\/1"}],"replies":[{"embeddable":true,"href":"https:\/\/encuentroinformativo.com.mx\/index.php?rest_route=%2Fwp%2Fv2%2Fcomments&post=15721"}],"version-history":[{"count":1,"href":"https:\/\/encuentroinformativo.com.mx\/index.php?rest_route=\/wp\/v2\/posts\/15721\/revisions"}],"predecessor-version":[{"id":15723,"href":"https:\/\/encuentroinformativo.com.mx\/index.php?rest_route=\/wp\/v2\/posts\/15721\/revisions\/15723"}],"wp:featuredmedia":[{"embeddable":true,"href":"https:\/\/encuentroinformativo.com.mx\/index.php?rest_route=\/wp\/v2\/media\/15722"}],"wp:attachment":[{"href":"https:\/\/encuentroinformativo.com.mx\/index.php?rest_route=%2Fwp%2Fv2%2Fmedia&parent=15721"}],"wp:term":[{"taxonomy":"category","embeddable":true,"href":"https:\/\/encuentroinformativo.com.mx\/index.php?rest_route=%2Fwp%2Fv2%2Fcategories&post=15721"},{"taxonomy":"post_tag","embeddable":true,"href":"https:\/\/encuentroinformativo.com.mx\/index.php?rest_route=%2Fwp%2Fv2%2Ftags&post=15721"}],"curies":[{"name":"wp","href":"https:\/\/api.w.org\/{rel}","templated":true}]}}