{"id":15726,"date":"2021-06-26T11:52:18","date_gmt":"2021-06-26T16:52:18","guid":{"rendered":"https:\/\/encuentroinformativo.com.mx\/?p=15726"},"modified":"2021-06-26T11:52:21","modified_gmt":"2021-06-26T16:52:21","slug":"continuaran-actividades-para-incentivar-la-economia-local","status":"publish","type":"post","link":"https:\/\/encuentroinformativo.com.mx\/?p=15726","title":{"rendered":"Continuar\u00e1n actividades para incentivar la econom\u00eda local"},"content":{"rendered":"\n<p><strong>Dar\u00edo Pale<\/strong><\/p>\n\n\n\n<p>Xalapa, Ver.- El director de Desarrollo Econ\u00f3mico del Ayuntamiento de Xalapa, Gerardo Mart\u00ednez R\u00edos dio a conocer que despu\u00e9s del \u00e9xito que result\u00f3 ser la Feria del Pambazo en Xalapa, la Direcci\u00f3n de Desarrollo Econ\u00f3mico planea realizar la Expo Cooperativas para continuar con la reactivaci\u00f3n de la econom\u00eda local.<\/p>\n\n\n\n<p>La iniciativa <strong>Reactiva Xalapa<\/strong> incluir\u00e1 tambi\u00e9n el recorrido en los mercados para fomentar el consumo local, ya que se vendieron m\u00e1s de 30 mil pambazos donde hubo una gran participaci\u00f3n.<\/p>\n\n\n\n<p>Se\u00f1al\u00f3 que tambi\u00e9n las cooperativas de miel vendieron muy bien y se va a seguir trabajando con estas personas ya que viene la Expo Cooperativas, estan trabajando con la iniciativa de &#8220;Reactiva Xalapa&#8221; y estar\u00e1n en los mercados locales incentivando la conciencia del consumo local.<\/p>\n\n\n\n<p>&#8220;Tenemos muchos eventos todav\u00eda, muchas acciones para el cierre de esta administraci\u00f3n municipal&#8221;, se\u00f1al\u00f3.<\/p>\n\n\n\n<p>Finalmente dio a conocer que est\u00e1n analizando si la feria de venta de \u00fatiles escolares se realiza de forma presencial, se acuerdo al sem\u00e1foro epdiemi\u00f3logico que haya en su momento.<\/p>\n","protected":false},"excerpt":{"rendered":"<p>Dar\u00edo Pale Xalapa, Ver.- El director de Desarrollo Econ\u00f3mico del Ayuntamiento de Xalapa, Gerardo Mart\u00ednez R\u00edos dio a conocer que despu\u00e9s del \u00e9xito que result\u00f3 ser la Feria del Pambazo en Xalapa, la Direcci\u00f3n de Desarrollo Econ\u00f3mico planea realizar la Expo Cooperativas para continuar con la reactivaci\u00f3n de la econom\u00eda local. La iniciativa Reactiva Xalapa [&hellip;]<\/p>\n","protected":false},"author":1,"featured_media":15727,"comment_status":"open","ping_status":"open","sticky":false,"template":"","format":"standard","meta":{"_jetpack_memberships_contains_paid_content":false,"footnotes":""},"categories":[3],"tags":[],"class_list":["post-15726","post","type-post","status-publish","format-standard","has-post-thumbnail","hentry","category-xalapa"],"jetpack_featured_media_url":"https:\/\/encuentroinformativo.com.mx\/wp-content\/uploads\/2021\/06\/7B23EAB0-5BEC-4B77-8905-55A7AC0C8A03.jpeg","jetpack_sharing_enabled":true,"jetpack_likes_enabled":true,"amp_enabled":true,"_links":{"self":[{"href":"https:\/\/encuentroinformativo.com.mx\/index.php?rest_route=\/wp\/v2\/posts\/15726","targetHints":{"allow":["GET"]}}],"collection":[{"href":"https:\/\/encuentroinformativo.com.mx\/index.php?rest_route=\/wp\/v2\/posts"}],"about":[{"href":"https:\/\/encuentroinformativo.com.mx\/index.php?rest_route=\/wp\/v2\/types\/post"}],"author":[{"embeddable":true,"href":"https:\/\/encuentroinformativo.com.mx\/index.php?rest_route=\/wp\/v2\/users\/1"}],"replies":[{"embeddable":true,"href":"https:\/\/encuentroinformativo.com.mx\/index.php?rest_route=%2Fwp%2Fv2%2Fcomments&post=15726"}],"version-history":[{"count":1,"href":"https:\/\/encuentroinformativo.com.mx\/index.php?rest_route=\/wp\/v2\/posts\/15726\/revisions"}],"predecessor-version":[{"id":15728,"href":"https:\/\/encuentroinformativo.com.mx\/index.php?rest_route=\/wp\/v2\/posts\/15726\/revisions\/15728"}],"wp:featuredmedia":[{"embeddable":true,"href":"https:\/\/encuentroinformativo.com.mx\/index.php?rest_route=\/wp\/v2\/media\/15727"}],"wp:attachment":[{"href":"https:\/\/encuentroinformativo.com.mx\/index.php?rest_route=%2Fwp%2Fv2%2Fmedia&parent=15726"}],"wp:term":[{"taxonomy":"category","embeddable":true,"href":"https:\/\/encuentroinformativo.com.mx\/index.php?rest_route=%2Fwp%2Fv2%2Fcategories&post=15726"},{"taxonomy":"post_tag","embeddable":true,"href":"https:\/\/encuentroinformativo.com.mx\/index.php?rest_route=%2Fwp%2Fv2%2Ftags&post=15726"}],"curies":[{"name":"wp","href":"https:\/\/api.w.org\/{rel}","templated":true}]}}