{"id":15735,"date":"2021-06-26T16:05:06","date_gmt":"2021-06-26T21:05:06","guid":{"rendered":"https:\/\/encuentroinformativo.com.mx\/?p=15735"},"modified":"2021-06-26T16:05:10","modified_gmt":"2021-06-26T21:05:10","slug":"grupos-de-poder-quieren-perpetuarse-en-la-uv-acusa-ruiz-saldana","status":"publish","type":"post","link":"https:\/\/encuentroinformativo.com.mx\/?p=15735","title":{"rendered":"Grupos de poder quieren perpetuarse en la UV, acusa Ruiz Salda\u00f1a"},"content":{"rendered":"\n<p><strong>Dar\u00edo Pale<\/strong><\/p>\n\n\n\n<p>Xalapa, Ver.- Existen algunos supuestos grupos al interior de la M\u00e1xima Casa de Estudios que buscan perpetuarse as\u00ed lo se\u00f1al\u00f3 el aspirante a la Rector\u00eda de la Universidad Veracruzana y consejero del Instituto Nacional Electoral (INE), Jos\u00e9 Roberto Ruiz Salda\u00f1a.<\/p>\n\n\n\n<p>En conferencia de prensa realizada en conocido caf\u00e9 de la calle de Zaragoza se\u00f1al\u00f3 que, &#8220;en este proceso de renovaci\u00f3n de la Rector\u00eda hay grupos al interior de la Universidad. Yo no represento ning\u00fan grupo.<\/p>\n\n\n\n<p>No he estado ah\u00ed, no puedo tener grupo y siempre he considerado que esos grupos que est\u00e1n participando est\u00e1n en una l\u00f3gica de enfrentamiento, \u00bfQui\u00e9nes encabezan esos grupos?, que ellos digan qui\u00e9nes son sus propios l\u00edderes&#8221;.<\/p>\n\n\n\n<p>Dio a conocer que no dar\u00eda nombres y apellidos, ya que son los dem\u00e1s aspirantes quienes deben decir a qui\u00e9n ven como su l\u00edder.<\/p>\n\n\n\n<p>&#8220;A m\u00ed juicio, claro que hay grupos dentro de la Universidad y yo lo \u00fanico que les digo es que voy a llegar a trabajar para todas y todos esos grupos. De entrada, todos los que est\u00e1n participando, que son internos e internas, son un grupo, si no, no estar\u00edan precisamente encabezando y hablando en nombre de generaciones y generaciones de personas que han estado en la Universidad&#8221;, se\u00f1al\u00f3.<\/p>\n\n\n\n<p>Al confirmar su aspiraci\u00f3n a rector de la UV, Jos\u00e9 Roberto Ruiz Salda\u00f1a dijo que no se entretendr\u00e1 en saber si hay una docena o m\u00e1s de aspirantes y si son respaldados por ex rectores o por la rectora Sara Ladr\u00f3n de Guevara, &#8220;en nada de eso me estoy preocupando. Estoy en suma aplicando a lo m\u00edo&#8221;.<\/p>\n\n\n\n<p>El Doctor Ruiz Salda\u00f1a estuvo acompa\u00f1ado de los acad\u00e9micos, Petra Armenta, Alejandro Salinas, Luis Alejandro Gasca, Edith Rodr\u00edguez, entre otros.<\/p>\n\n\n\n<p>Finalmente asegur\u00f3 que su propuesta es respaldada por cientos de acad\u00e9micos a pesar de no pertenecer a la plantilla de docentes o investigadores de la UV.<\/p>\n","protected":false},"excerpt":{"rendered":"<p>Dar\u00edo Pale Xalapa, Ver.- Existen algunos supuestos grupos al interior de la M\u00e1xima Casa de Estudios que buscan perpetuarse as\u00ed lo se\u00f1al\u00f3 el aspirante a la Rector\u00eda de la Universidad Veracruzana y consejero del Instituto Nacional Electoral (INE), Jos\u00e9 Roberto Ruiz Salda\u00f1a. En conferencia de prensa realizada en conocido caf\u00e9 de la calle de Zaragoza [&hellip;]<\/p>\n","protected":false},"author":1,"featured_media":15736,"comment_status":"open","ping_status":"open","sticky":false,"template":"","format":"standard","meta":{"_jetpack_memberships_contains_paid_content":false,"footnotes":""},"categories":[2],"tags":[],"class_list":["post-15735","post","type-post","status-publish","format-standard","has-post-thumbnail","hentry","category-estado"],"jetpack_featured_media_url":"https:\/\/encuentroinformativo.com.mx\/wp-content\/uploads\/2021\/06\/E0521AD9-2339-4189-BEE0-C3EB2A155BC2.jpeg","jetpack_sharing_enabled":true,"jetpack_likes_enabled":true,"amp_enabled":true,"_links":{"self":[{"href":"https:\/\/encuentroinformativo.com.mx\/index.php?rest_route=\/wp\/v2\/posts\/15735","targetHints":{"allow":["GET"]}}],"collection":[{"href":"https:\/\/encuentroinformativo.com.mx\/index.php?rest_route=\/wp\/v2\/posts"}],"about":[{"href":"https:\/\/encuentroinformativo.com.mx\/index.php?rest_route=\/wp\/v2\/types\/post"}],"author":[{"embeddable":true,"href":"https:\/\/encuentroinformativo.com.mx\/index.php?rest_route=\/wp\/v2\/users\/1"}],"replies":[{"embeddable":true,"href":"https:\/\/encuentroinformativo.com.mx\/index.php?rest_route=%2Fwp%2Fv2%2Fcomments&post=15735"}],"version-history":[{"count":1,"href":"https:\/\/encuentroinformativo.com.mx\/index.php?rest_route=\/wp\/v2\/posts\/15735\/revisions"}],"predecessor-version":[{"id":15737,"href":"https:\/\/encuentroinformativo.com.mx\/index.php?rest_route=\/wp\/v2\/posts\/15735\/revisions\/15737"}],"wp:featuredmedia":[{"embeddable":true,"href":"https:\/\/encuentroinformativo.com.mx\/index.php?rest_route=\/wp\/v2\/media\/15736"}],"wp:attachment":[{"href":"https:\/\/encuentroinformativo.com.mx\/index.php?rest_route=%2Fwp%2Fv2%2Fmedia&parent=15735"}],"wp:term":[{"taxonomy":"category","embeddable":true,"href":"https:\/\/encuentroinformativo.com.mx\/index.php?rest_route=%2Fwp%2Fv2%2Fcategories&post=15735"},{"taxonomy":"post_tag","embeddable":true,"href":"https:\/\/encuentroinformativo.com.mx\/index.php?rest_route=%2Fwp%2Fv2%2Ftags&post=15735"}],"curies":[{"name":"wp","href":"https:\/\/api.w.org\/{rel}","templated":true}]}}