{"id":15738,"date":"2021-06-26T16:09:10","date_gmt":"2021-06-26T21:09:10","guid":{"rendered":"https:\/\/encuentroinformativo.com.mx\/?p=15738"},"modified":"2021-06-26T16:09:15","modified_gmt":"2021-06-26T21:09:15","slug":"ante-deficiencias-hospital-infantil-perderia-certificacion-federal","status":"publish","type":"post","link":"https:\/\/encuentroinformativo.com.mx\/?p=15738","title":{"rendered":"Ante deficiencias, Hospital Infantil perder\u00eda certificaci\u00f3n federal"},"content":{"rendered":"\n<p><strong>Alejandro \u00c1vila<\/strong><\/p>\n\n\n\n<p>Veracruz, Ver. \u2013 En las pr\u00f3ximas semanas, una comitiva de la Secretar\u00eda de Salud Federal recorrer\u00e1 diversos nosocomios de la entidad veracruzana, donde se incluye el Hospital Infantil de Veracruz Puerto; el objetivo es conocer las condiciones que guarda, as\u00ed como avalar los procedimientos m\u00e9dicos y abasto de f\u00e1rmacos, para posteriormente, volver a certificarlos.<\/p>\n\n\n\n<p>Apenas hace unas horas, se dio a conocer en redes sociales y medios de comunicaci\u00f3n, el descuido y abandono que tiene el Hospital Infantil, donde incluso han sido cerrados quir\u00f3fanos debido a que no existen condiciones para que los m\u00e9dicos realicen su trabajo.<\/p>\n\n\n\n<p>Madres de familia de peque\u00f1os en c\u00e1ncer, han informado que, desde octubre del 2020, volvieron a sufrir el desabasto de diversos medicamentos que hacen imposible llevar una quimioterapia como se ten\u00eda planeada y, sobre todo, que la enfermedad pueda ser erradicada; solo pudieron sobrellevar el tratamiento, cuando recib\u00edan donaci\u00f3n de medicamentos de Asociaciones Civiles.<\/p>\n\n\n\n<p>Esta situaci\u00f3n y los da\u00f1os a la infraestructura que fueron mostrados en fotograf\u00edas, ponen en riesgo la certificaci\u00f3n de la tambi\u00e9n conocida como, Torre Pedi\u00e1trica.<\/p>\n\n\n\n<p>Este jueves se filtraron unas fotograf\u00edas del segundo, quinto y sexto piso del hospital, en el que se nota la ausencia de techo debido a la humedad que generaron los aires acondicionados que no fueron colocados correctamente; se trata de las \u00e1reas de nefro, oncolog\u00eda, escolares y lactantes, donde desde hace meses se han presentado da\u00f1os en el techo, inclusive los quir\u00f3fanos se dejaron de utilizar, porque parte del techo colaps\u00f3.<\/p>\n\n\n\n<p>El reciente anuncio del secretario de Salud, Roberto Ramos Alor, quien asegur\u00f3 en pr\u00f3ximas horas comenzar\u00e1n los trabajos de rehabilitaci\u00f3n, ha causado incertidumbre entre el personal m\u00e9dico y los familiares de los pacientes, pues hasta ahora, desconocen a donde ser\u00e1n trasladados en caso de su reparaci\u00f3n gradual; al tiempo que exigieron exista un trabajo serio y responsable, pues en ocasiones solo \u201cparchan\u201d los problemas.<\/p>\n\n\n\n<p>Ante eso, las madres y padres de familia hacen un llamado a la Secretar\u00eda de Salud Federal para no dejarse enga\u00f1ar por el Gobierno del Estado y realizar una revisi\u00f3n exhaustiva, con la finalidad de mejorar el servicio y las condiciones del lugar; cabe recordar que la semana pasada, varias madres de familia de ni\u00f1os con c\u00e1ncer, acudieron a la Ciudad de M\u00e9xico a la manifestaci\u00f3n nacional que ped\u00eda medicamentos oncol\u00f3gicos.<\/p>\n\n\n\n<p>\u201cPor favor se\u00f1or Cuitl\u00e1huac y se\u00f1or secretario de Salud, volteen a ver el hospital, el doctor Avelino no nos quiere recibir y esta situaci\u00f3n es lamentable porque este hospital es para todos los ni\u00f1os de la regi\u00f3n, y no se vale que las autoridades se est\u00e9n gastando el dinero en\u00a0 otras cosas y no en cosas importantes como lo es el Sector Salud\u201d, se\u00f1al\u00f3 Yunuet Segovia.<\/p>\n\n\n\n<figure class=\"wp-block-image size-large\"><img loading=\"lazy\" decoding=\"async\" width=\"960\" height=\"720\" src=\"https:\/\/encuentroinformativo.com.mx\/wp-content\/uploads\/2021\/06\/08B20EB6-EF87-43E2-AD84-444A2F71382A.jpeg\" alt=\"\" class=\"wp-image-15740\" srcset=\"https:\/\/encuentroinformativo.com.mx\/wp-content\/uploads\/2021\/06\/08B20EB6-EF87-43E2-AD84-444A2F71382A.jpeg 960w, https:\/\/encuentroinformativo.com.mx\/wp-content\/uploads\/2021\/06\/08B20EB6-EF87-43E2-AD84-444A2F71382A-300x225.jpeg 300w, https:\/\/encuentroinformativo.com.mx\/wp-content\/uploads\/2021\/06\/08B20EB6-EF87-43E2-AD84-444A2F71382A-768x576.jpeg 768w\" sizes=\"auto, (max-width: 960px) 100vw, 960px\" \/><\/figure>\n","protected":false},"excerpt":{"rendered":"<p>Alejandro \u00c1vila Veracruz, Ver. \u2013 En las pr\u00f3ximas semanas, una comitiva de la Secretar\u00eda de Salud Federal recorrer\u00e1 diversos nosocomios de la entidad veracruzana, donde se incluye el Hospital Infantil de Veracruz Puerto; el objetivo es conocer las condiciones que guarda, as\u00ed como avalar los procedimientos m\u00e9dicos y abasto de f\u00e1rmacos, para posteriormente, volver a [&hellip;]<\/p>\n","protected":false},"author":1,"featured_media":15739,"comment_status":"open","ping_status":"open","sticky":false,"template":"","format":"standard","meta":{"_jetpack_memberships_contains_paid_content":false,"footnotes":""},"categories":[9],"tags":[],"class_list":["post-15738","post","type-post","status-publish","format-standard","has-post-thumbnail","hentry","category-salud"],"jetpack_featured_media_url":"https:\/\/encuentroinformativo.com.mx\/wp-content\/uploads\/2021\/06\/D0C88D84-ECBA-4369-844C-FFE8A026FE24.jpeg","jetpack_sharing_enabled":true,"jetpack_likes_enabled":true,"amp_enabled":true,"_links":{"self":[{"href":"https:\/\/encuentroinformativo.com.mx\/index.php?rest_route=\/wp\/v2\/posts\/15738","targetHints":{"allow":["GET"]}}],"collection":[{"href":"https:\/\/encuentroinformativo.com.mx\/index.php?rest_route=\/wp\/v2\/posts"}],"about":[{"href":"https:\/\/encuentroinformativo.com.mx\/index.php?rest_route=\/wp\/v2\/types\/post"}],"author":[{"embeddable":true,"href":"https:\/\/encuentroinformativo.com.mx\/index.php?rest_route=\/wp\/v2\/users\/1"}],"replies":[{"embeddable":true,"href":"https:\/\/encuentroinformativo.com.mx\/index.php?rest_route=%2Fwp%2Fv2%2Fcomments&post=15738"}],"version-history":[{"count":1,"href":"https:\/\/encuentroinformativo.com.mx\/index.php?rest_route=\/wp\/v2\/posts\/15738\/revisions"}],"predecessor-version":[{"id":15741,"href":"https:\/\/encuentroinformativo.com.mx\/index.php?rest_route=\/wp\/v2\/posts\/15738\/revisions\/15741"}],"wp:featuredmedia":[{"embeddable":true,"href":"https:\/\/encuentroinformativo.com.mx\/index.php?rest_route=\/wp\/v2\/media\/15739"}],"wp:attachment":[{"href":"https:\/\/encuentroinformativo.com.mx\/index.php?rest_route=%2Fwp%2Fv2%2Fmedia&parent=15738"}],"wp:term":[{"taxonomy":"category","embeddable":true,"href":"https:\/\/encuentroinformativo.com.mx\/index.php?rest_route=%2Fwp%2Fv2%2Fcategories&post=15738"},{"taxonomy":"post_tag","embeddable":true,"href":"https:\/\/encuentroinformativo.com.mx\/index.php?rest_route=%2Fwp%2Fv2%2Ftags&post=15738"}],"curies":[{"name":"wp","href":"https:\/\/api.w.org\/{rel}","templated":true}]}}