{"id":1574,"date":"2020-04-03T11:15:46","date_gmt":"2020-04-03T17:15:46","guid":{"rendered":"https:\/\/encuentroinformativo.com\/?p=1574"},"modified":"2020-04-03T11:15:51","modified_gmt":"2020-04-03T17:15:51","slug":"agradecen-a-ahued-intervencion-para-ser-recontratados-en-aduanas","status":"publish","type":"post","link":"https:\/\/encuentroinformativo.com.mx\/?p=1574","title":{"rendered":"Agradecen a Ahued intervenci\u00f3n para ser recontratados en aduanas"},"content":{"rendered":"\n<p><strong>Elisa Aburto<\/strong><\/p>\n\n\n\n<p>Xalapa,\nVer.- Tras recibir la notificaci\u00f3n correspondiente sobre su recontrataci\u00f3n, trabajadores\nde aduanas agradecieron la intervenci\u00f3n del administrador Ricardo Ahued\nBardahuil para ser recontratados y reincorporarse a sus actividades laborales. <\/p>\n\n\n\n<p>En fecha\nreciente varios contratos de los trabajadores hab\u00edan concluido, sin embargo, al\nser del conocimiento del funcionario federal este tema, intervino con la\nfinalidad de no afectar la fuente laboral de los trabajadores. <\/p>\n\n\n\n<p>Motivo\npor el cual, los trabajadores agradecieron la intervenci\u00f3n del administrador de\naduanas debido a que ser\u00e1 el pr\u00f3ximo d\u00eda 6 cuando podr\u00e1n reincorporarse a sus\nlabores. <\/p>\n\n\n\n<p>Fue a\ntrav\u00e9s un correo electr\u00f3nico que los trabajadores fueron notificados. \u201cDe\nacuerdo al correo de antecedente les informo que ha sido autorizada la\nreactivaci\u00f3n los movimientos solicitados, sin embargo, se nos informa que ya no\nes posible llevar a cabo el pago de estos movimientos en la quincena 7, se\nestar\u00edan pagando de forma retroactiva en la quincena 8\u201d.<\/p>\n\n\n\n<p>Asimismo\nse precisa que deber\u00e1n presentarse el pr\u00f3ximo lunes 6 en las oficinas ubicadas\nen la avenida Cuauht\u00e9moc de la ciudad de M\u00e9xico; motivo por el cual los\ntrabajadores reconocieron la intervenci\u00f3n de Ahued Bardahuil para ser\nrecontratados en sus puestos de trabajo. <\/p>\n\n\n\n<p>Cabe\nrecordar que el Administrador General de Aduanas, Ricardo Ahued aclar\u00f3 que no se\nhab\u00eda efectuado despido de trabajadores y mucho menos en casos donde los\ntrabajadores presentaran problemas de salud. <\/p>\n","protected":false},"excerpt":{"rendered":"<p>Elisa Aburto Xalapa, Ver.- Tras recibir la notificaci\u00f3n correspondiente sobre su recontrataci\u00f3n, trabajadores de aduanas agradecieron la intervenci\u00f3n del administrador Ricardo Ahued Bardahuil para ser recontratados y reincorporarse a sus actividades laborales. En fecha reciente varios contratos de los trabajadores hab\u00edan concluido, sin embargo, al ser del conocimiento del funcionario federal este tema, intervino con [&hellip;]<\/p>\n","protected":false},"author":1,"featured_media":930,"comment_status":"open","ping_status":"open","sticky":false,"template":"","format":"standard","meta":{"_jetpack_memberships_contains_paid_content":false,"footnotes":""},"categories":[2],"tags":[],"class_list":["post-1574","post","type-post","status-publish","format-standard","has-post-thumbnail","hentry","category-estado"],"jetpack_featured_media_url":"https:\/\/encuentroinformativo.com.mx\/wp-content\/uploads\/2020\/03\/3C306A7A-7AD7-400D-8FBC-6A9A7E167289.jpeg","jetpack_sharing_enabled":true,"jetpack_likes_enabled":true,"amp_enabled":true,"_links":{"self":[{"href":"https:\/\/encuentroinformativo.com.mx\/index.php?rest_route=\/wp\/v2\/posts\/1574","targetHints":{"allow":["GET"]}}],"collection":[{"href":"https:\/\/encuentroinformativo.com.mx\/index.php?rest_route=\/wp\/v2\/posts"}],"about":[{"href":"https:\/\/encuentroinformativo.com.mx\/index.php?rest_route=\/wp\/v2\/types\/post"}],"author":[{"embeddable":true,"href":"https:\/\/encuentroinformativo.com.mx\/index.php?rest_route=\/wp\/v2\/users\/1"}],"replies":[{"embeddable":true,"href":"https:\/\/encuentroinformativo.com.mx\/index.php?rest_route=%2Fwp%2Fv2%2Fcomments&post=1574"}],"version-history":[{"count":1,"href":"https:\/\/encuentroinformativo.com.mx\/index.php?rest_route=\/wp\/v2\/posts\/1574\/revisions"}],"predecessor-version":[{"id":1575,"href":"https:\/\/encuentroinformativo.com.mx\/index.php?rest_route=\/wp\/v2\/posts\/1574\/revisions\/1575"}],"wp:featuredmedia":[{"embeddable":true,"href":"https:\/\/encuentroinformativo.com.mx\/index.php?rest_route=\/wp\/v2\/media\/930"}],"wp:attachment":[{"href":"https:\/\/encuentroinformativo.com.mx\/index.php?rest_route=%2Fwp%2Fv2%2Fmedia&parent=1574"}],"wp:term":[{"taxonomy":"category","embeddable":true,"href":"https:\/\/encuentroinformativo.com.mx\/index.php?rest_route=%2Fwp%2Fv2%2Fcategories&post=1574"},{"taxonomy":"post_tag","embeddable":true,"href":"https:\/\/encuentroinformativo.com.mx\/index.php?rest_route=%2Fwp%2Fv2%2Ftags&post=1574"}],"curies":[{"name":"wp","href":"https:\/\/api.w.org\/{rel}","templated":true}]}}