{"id":15756,"date":"2021-06-27T13:32:54","date_gmt":"2021-06-27T18:32:54","guid":{"rendered":"https:\/\/encuentroinformativo.com.mx\/?p=15756"},"modified":"2021-06-27T13:32:56","modified_gmt":"2021-06-27T18:32:56","slug":"proyectos-de-mineria-generaria-desabasto-de-agua","status":"publish","type":"post","link":"https:\/\/encuentroinformativo.com.mx\/?p=15756","title":{"rendered":"Proyectos de miner\u00eda generar\u00eda desabasto de agua"},"content":{"rendered":"\n<p><strong>Juan Arcos<\/strong><\/p>\n\n\n\n<p>Xalapa, Ver.- M\u00e1s de 2 millones de habitantes se quedar\u00edan sin agua por los proyectos de miner\u00eda a cielo abierto que est\u00e1n vigentes en el estado de Veracruz.<\/p>\n\n\n\n<p>As\u00ed lo dio a conocer Guillermo Rodr\u00edguez Curiel, integrante de La Asamblea Veracruzana de Iniciativas y Defensa Ambiental (Lavida), quien adem\u00e1s sostuvo que los proyectos mineros son los causantes de la escasez de agua en la regi\u00f3n de Actopan y Alto Lucero.<\/p>\n\n\n\n<p>El ambientalista revel\u00f3 que las cifras son alarmantes para la poblaci\u00f3n, pues se estima que 350 mil hect\u00e1reas han sido concesionadas para la miner\u00eda \u201ct\u00f3xica\u201d en todo el territorio veracruzano.<\/p>\n\n\n\n<p>Detall\u00f3 que el agua nace en las monta\u00f1as y \u00e9stas han sido afectadas por dicha actividad. Adem\u00e1s de que las minas utilizan grandes vol\u00famenes de agua para su operaci\u00f3n.<br>Ejemplific\u00f3 el caso de la laguna El Farall\u00f3n, misma que present\u00f3 una sequ\u00eda casi total hace unos meses y ha comenzado a recuperarse por las lluvias.<\/p>\n\n\n\n<p>\u201cYa lo vimos en la laguna de El Farall\u00f3n, el agua que llega ah\u00ed es la que se decantan de estas monta\u00f1as. Ahora nos quieren decir que ya no nos preocupemos, que ya se llen\u00f3 la laguna, pero tiene 30 cent\u00edmetros de agua. Las garzas caminan, la laguna ten\u00eda diez metros\u201d, expres\u00f3.<\/p>\n\n\n\n<p>El activista destac\u00f3 la importancia de que los pueblos se unan para impedir que los mineros, tanto extranjeros como mexicanos, acaben con la naturaleza.\u00a0<\/p>\n\n\n\n<p>\u201cYo las invito a todas y todos a que tenemos que unir nuestros corazones y nuestras voces para impedir que los mineros arrasen con el territorio sagrado\u201d.<\/p>\n\n\n\n<p>Rodr\u00edguez Curiel record\u00f3 que las empresas pretenden extraer oro, plata y cobre en los municipios de Actopan y Alto Lucero.\u00a0<br>Anteriormente, los minerales preciosos exist\u00edan en vetas -en forma de l\u00e1minas, escamas, hilos, dendritas y, en ocasiones, en cristales-, donde los humanos ingresaban con pico y pala para sacarlos.<\/p>\n\n\n\n<p>Sin embargo, el oro y la plata ya no existe en vetas, solo se encuentra de manera fraccionada en el subsuelo, como peque\u00f1as part\u00edculas.<\/p>\n\n\n\n<p>Por ello, las mineras acaban con la vegetaci\u00f3n, para \u201cmoler\u201d el suelo y despu\u00e9s llevarlo a unas grandes tinas, donde aplican cianuro al agua, para que los metales queden en el fondo.<\/p>\n\n\n\n<p>\u201cSe le llama dor\u00e9 a ese producto que lleva oro, lleva diferentes metales y ese dor\u00e9 se lo llevan fundamentalmente a Estados Unidos para separar los diferentes metales que se decantaron con el cianuro. Entonces, te destruyen tus monta\u00f1as y te dejan el agua envenenada porque esa agua no sirve para consumo humano, no sirve para nada, es veneno\u201d, increp\u00f3 el integrante de la Lavida.<\/p>\n","protected":false},"excerpt":{"rendered":"<p>Juan Arcos Xalapa, Ver.- M\u00e1s de 2 millones de habitantes se quedar\u00edan sin agua por los proyectos de miner\u00eda a cielo abierto que est\u00e1n vigentes en el estado de Veracruz. As\u00ed lo dio a conocer Guillermo Rodr\u00edguez Curiel, integrante de La Asamblea Veracruzana de Iniciativas y Defensa Ambiental (Lavida), quien adem\u00e1s sostuvo que los proyectos [&hellip;]<\/p>\n","protected":false},"author":1,"featured_media":15757,"comment_status":"open","ping_status":"open","sticky":false,"template":"","format":"standard","meta":{"_jetpack_memberships_contains_paid_content":false,"footnotes":""},"categories":[8],"tags":[],"class_list":["post-15756","post","type-post","status-publish","format-standard","has-post-thumbnail","hentry","category-region"],"jetpack_featured_media_url":"https:\/\/encuentroinformativo.com.mx\/wp-content\/uploads\/2021\/06\/C809DD80-BD26-4D06-9168-B6577DDE060A.jpeg","jetpack_sharing_enabled":true,"jetpack_likes_enabled":true,"amp_enabled":true,"_links":{"self":[{"href":"https:\/\/encuentroinformativo.com.mx\/index.php?rest_route=\/wp\/v2\/posts\/15756","targetHints":{"allow":["GET"]}}],"collection":[{"href":"https:\/\/encuentroinformativo.com.mx\/index.php?rest_route=\/wp\/v2\/posts"}],"about":[{"href":"https:\/\/encuentroinformativo.com.mx\/index.php?rest_route=\/wp\/v2\/types\/post"}],"author":[{"embeddable":true,"href":"https:\/\/encuentroinformativo.com.mx\/index.php?rest_route=\/wp\/v2\/users\/1"}],"replies":[{"embeddable":true,"href":"https:\/\/encuentroinformativo.com.mx\/index.php?rest_route=%2Fwp%2Fv2%2Fcomments&post=15756"}],"version-history":[{"count":1,"href":"https:\/\/encuentroinformativo.com.mx\/index.php?rest_route=\/wp\/v2\/posts\/15756\/revisions"}],"predecessor-version":[{"id":15758,"href":"https:\/\/encuentroinformativo.com.mx\/index.php?rest_route=\/wp\/v2\/posts\/15756\/revisions\/15758"}],"wp:featuredmedia":[{"embeddable":true,"href":"https:\/\/encuentroinformativo.com.mx\/index.php?rest_route=\/wp\/v2\/media\/15757"}],"wp:attachment":[{"href":"https:\/\/encuentroinformativo.com.mx\/index.php?rest_route=%2Fwp%2Fv2%2Fmedia&parent=15756"}],"wp:term":[{"taxonomy":"category","embeddable":true,"href":"https:\/\/encuentroinformativo.com.mx\/index.php?rest_route=%2Fwp%2Fv2%2Fcategories&post=15756"},{"taxonomy":"post_tag","embeddable":true,"href":"https:\/\/encuentroinformativo.com.mx\/index.php?rest_route=%2Fwp%2Fv2%2Ftags&post=15756"}],"curies":[{"name":"wp","href":"https:\/\/api.w.org\/{rel}","templated":true}]}}