{"id":1576,"date":"2020-04-03T13:35:23","date_gmt":"2020-04-03T19:35:23","guid":{"rendered":"https:\/\/encuentroinformativo.com\/?p=1576"},"modified":"2020-04-03T13:35:25","modified_gmt":"2020-04-03T19:35:25","slug":"piden-apoyo-para-adultos-mayores","status":"publish","type":"post","link":"https:\/\/encuentroinformativo.com.mx\/?p=1576","title":{"rendered":"Piden apoyo para adultos mayores"},"content":{"rendered":"\n<p><strong>Dar\u00edo Pale<\/strong> <\/p>\n\n\n\n<p>Xalapa, Ver.- El se\u00f1or Juan Jacobo Mart\u00ednez dio a conocer que est\u00e1 solicitando el apoyo de las autoridades para el se\u00f1or Francisco Ju\u00e1rez Marcos ya que es una persona de la tercera edad y no cuenta con el apoyo de sus familiares.<\/p>\n\n\n\n<p>Entrevistados en los pasillos de conocido caf\u00e9 del centro de Xalapa, se\u00f1al\u00f3 que ya solicitaron el apoyo del programa de Bienestar para los apoyos de los adultos mayores pero debido a la contingencia no han resuelto nada.<\/p>\n\n\n\n<p>Lamentablemente debido a la contingencia se qued\u00f3 sin trabajo ya que se dedica a las labores de limpieza en una maquila y cuenta con 75 a\u00f1os y no tiene ning\u00fan familiar que lo apoye y no recibe ninguna atenci\u00f3n que le puede brindar y la \u00faltima vez que se enferm\u00f3 fue la semana pasada y fue en la boca el cual ya fue tratado.<\/p>\n\n\n\n<p>Vinieron a la capital del estado para ver si pueden contactar a la persona encargada del Programa de los adultos mayores para ver si pueden agilizar los tr\u00e1mites ya que no tiene familiares que lo puedan apoyar de forma econ\u00f3mica el se\u00f1or Jacobo lo ha estado ayudando con lo que puede.<\/p>\n\n\n\n<p>Don Francisco Ju\u00e1rez es de Jalacingo y se\u00f1al\u00f3 que el tr\u00e1mite de los adultos mayores lo tramit\u00f3 desde el mes de septiembre y hasta el momento no ha recibido ning\u00fan apoyo, con l\u00e1grimas en los ojos se sinti\u00f3 desamparado y fue sacado de la casa donde viv\u00eda le cerraron el port\u00f3n de servidumbre despu\u00e9s de rentar por m\u00e1s de 18 a\u00f1os en ese lugar y no tiene donde vivir ya que sus familiares \u00a0se olvidaron de \u00e9l.<\/p>\n\n\n\n<p>Por lo anterior el se\u00f1or viv\u00eda donde pod\u00eda en el palacio municipal, debajo de las escaleras o en la calle donde se la pas\u00f3 as\u00ed por casi 15 d\u00edas despu\u00e9s le dieron alojamiento con un familiar en un lugar no muy apto ya que solo le dieron unas tablas y altas o de tres o cuatro d\u00edas le empez\u00f3 a doler la espalda por lo que se regres\u00f3 a vivir con don Jacobo.<\/p>\n\n\n\n<p>Finalmente dio a conocer que las autoridades municipales lo han apoyado un poco pero el se\u00f1or ya necesita otro tipo de apoyo y con lo de los adultos mayores el podr\u00eda solventar sus necesidades por lo que cualquier persona que quiera poyarlo lo puede contratar al\u00a0<a href=\"tel:2281325478\">2281325478<\/a>\u00a0con el se\u00f1or Juan Jacobo.<\/p>\n\n\n\n<p><\/p>\n","protected":false},"excerpt":{"rendered":"<p>Dar\u00edo Pale Xalapa, Ver.- El se\u00f1or Juan Jacobo Mart\u00ednez dio a conocer que est\u00e1 solicitando el apoyo de las autoridades para el se\u00f1or Francisco Ju\u00e1rez Marcos ya que es una persona de la tercera edad y no cuenta con el apoyo de sus familiares. Entrevistados en los pasillos de conocido caf\u00e9 del centro de Xalapa, [&hellip;]<\/p>\n","protected":false},"author":1,"featured_media":1577,"comment_status":"open","ping_status":"open","sticky":false,"template":"","format":"standard","meta":{"_jetpack_memberships_contains_paid_content":false,"footnotes":""},"categories":[3],"tags":[],"class_list":["post-1576","post","type-post","status-publish","format-standard","has-post-thumbnail","hentry","category-xalapa"],"jetpack_featured_media_url":"https:\/\/encuentroinformativo.com.mx\/wp-content\/uploads\/2020\/04\/CDB88985-6B6F-4A44-874B-C1DC8FA41C1D.jpeg","jetpack_sharing_enabled":true,"jetpack_likes_enabled":true,"amp_enabled":true,"_links":{"self":[{"href":"https:\/\/encuentroinformativo.com.mx\/index.php?rest_route=\/wp\/v2\/posts\/1576","targetHints":{"allow":["GET"]}}],"collection":[{"href":"https:\/\/encuentroinformativo.com.mx\/index.php?rest_route=\/wp\/v2\/posts"}],"about":[{"href":"https:\/\/encuentroinformativo.com.mx\/index.php?rest_route=\/wp\/v2\/types\/post"}],"author":[{"embeddable":true,"href":"https:\/\/encuentroinformativo.com.mx\/index.php?rest_route=\/wp\/v2\/users\/1"}],"replies":[{"embeddable":true,"href":"https:\/\/encuentroinformativo.com.mx\/index.php?rest_route=%2Fwp%2Fv2%2Fcomments&post=1576"}],"version-history":[{"count":1,"href":"https:\/\/encuentroinformativo.com.mx\/index.php?rest_route=\/wp\/v2\/posts\/1576\/revisions"}],"predecessor-version":[{"id":1578,"href":"https:\/\/encuentroinformativo.com.mx\/index.php?rest_route=\/wp\/v2\/posts\/1576\/revisions\/1578"}],"wp:featuredmedia":[{"embeddable":true,"href":"https:\/\/encuentroinformativo.com.mx\/index.php?rest_route=\/wp\/v2\/media\/1577"}],"wp:attachment":[{"href":"https:\/\/encuentroinformativo.com.mx\/index.php?rest_route=%2Fwp%2Fv2%2Fmedia&parent=1576"}],"wp:term":[{"taxonomy":"category","embeddable":true,"href":"https:\/\/encuentroinformativo.com.mx\/index.php?rest_route=%2Fwp%2Fv2%2Fcategories&post=1576"},{"taxonomy":"post_tag","embeddable":true,"href":"https:\/\/encuentroinformativo.com.mx\/index.php?rest_route=%2Fwp%2Fv2%2Ftags&post=1576"}],"curies":[{"name":"wp","href":"https:\/\/api.w.org\/{rel}","templated":true}]}}