{"id":15764,"date":"2021-06-27T16:14:57","date_gmt":"2021-06-27T21:14:57","guid":{"rendered":"https:\/\/encuentroinformativo.com.mx\/?p=15764"},"modified":"2021-06-27T16:15:02","modified_gmt":"2021-06-27T21:15:02","slug":"con-marcha-demandan-frenar-violencia-contra-comunidad-lgbttti","status":"publish","type":"post","link":"https:\/\/encuentroinformativo.com.mx\/?p=15764","title":{"rendered":"Con marcha, demandan frenar violencia contra comunidad LGBTTTI"},"content":{"rendered":"\n<p><strong>Juan Arcos<\/strong><\/p>\n\n\n\n<p>Xalapa, Ver.- Decenas de integrantes de la comunidad de la diversidad sexual realizaron la primera marcha \u201clenchotransmarica\u201d en la ciudad de Xalapa, para exigir que cese la violencia y la discriminaci\u00f3n contra dicho sector de la poblaci\u00f3n.<\/p>\n\n\n\n<p>Las personas portaban capuchas creativas y ex\u00f3ticas; se concentraron en el Teatro del Estado \u201cIgnacio de la Llave\u201d y posteriormente caminaron hacia Plaza Sebasti\u00e1n Lerdo de Tejada, donde hicieron un pronunciamiento frente a Palacio de Gobierno.&nbsp;<\/p>\n\n\n\n<p>Se busca visibilizar la problem\u00e1tica, toda vez que Veracruz es el segundo estado de la Rep\u00fablica Mexicana m\u00e1s peligroso para la comunidad L\u00e9sbico, Gay, Bisexual y Transexual (LGBT).<\/p>\n\n\n\n<p>De acuerdo con algunos de los participantes, quienes omitieron su nombre, contin\u00faan registr\u00e1ndose casos de exclusi\u00f3n social por el hecho de sentir atracci\u00f3n hacia personas del mismo sexo.<\/p>\n\n\n\n<p>\u201cLo \u00fanico que se est\u00e1 pidiendo es no vulnerar a las personas, el hecho de todo esto es visibilizar a las mujeres y a las personas dentro de las identidades trans dentro de la Ciudad de Xalapa\u201d.\u00a0<\/p>\n\n\n\n<p>Comentaron que aunque el estado se pinta de colores y en las instituciones de gobierno se colocan las banderas arco\u00edris, cuando las mujeres lesbianas ejercen alg\u00fan tipo de posicionamiento son vulneradas, silenciadas e ignoradas.<\/p>\n\n\n\n<p>\u201cEn los cargos LGBT siempre se toma en cuenta a los hombres, entonces para eso es esta marcha, para visibilizar a las lenchitudes, a las identidades trans\u201d.<\/p>\n\n\n\n<p>Cabe mencionar que hasta el momento se contabilizan 17 cr\u00edmenes de odio por homofobia y transfobia en la entidad, en lo que va del a\u00f1o.<\/p>\n\n\n\n<p>\u201cNo existen instituciones de gobierno oficiales que contabilicen los cr\u00edmenes de odio de la comunidad LGBT. Los medios siguen revictimizando; cuando una mujer trans o un hombre trans es asesinado, se le nombra con un nombre con el que no se le identificaba, se le adjudican estereotipos y estigmas. Definitivamente la sociedad no ha avanzado nada, a pesar de que podemos ver lo LGBT m\u00e1s a menudo\u201d, remataron.<\/p>\n","protected":false},"excerpt":{"rendered":"<p>Juan Arcos Xalapa, Ver.- Decenas de integrantes de la comunidad de la diversidad sexual realizaron la primera marcha \u201clenchotransmarica\u201d en la ciudad de Xalapa, para exigir que cese la violencia y la discriminaci\u00f3n contra dicho sector de la poblaci\u00f3n. Las personas portaban capuchas creativas y ex\u00f3ticas; se concentraron en el Teatro del Estado \u201cIgnacio de [&hellip;]<\/p>\n","protected":false},"author":1,"featured_media":15765,"comment_status":"open","ping_status":"open","sticky":false,"template":"","format":"standard","meta":{"_jetpack_memberships_contains_paid_content":false,"footnotes":""},"categories":[3],"tags":[],"class_list":["post-15764","post","type-post","status-publish","format-standard","has-post-thumbnail","hentry","category-xalapa"],"jetpack_featured_media_url":"https:\/\/encuentroinformativo.com.mx\/wp-content\/uploads\/2021\/06\/2837CF25-F3C4-441A-9E7B-C5FF3E34BD82.jpeg","jetpack_sharing_enabled":true,"jetpack_likes_enabled":true,"amp_enabled":true,"_links":{"self":[{"href":"https:\/\/encuentroinformativo.com.mx\/index.php?rest_route=\/wp\/v2\/posts\/15764","targetHints":{"allow":["GET"]}}],"collection":[{"href":"https:\/\/encuentroinformativo.com.mx\/index.php?rest_route=\/wp\/v2\/posts"}],"about":[{"href":"https:\/\/encuentroinformativo.com.mx\/index.php?rest_route=\/wp\/v2\/types\/post"}],"author":[{"embeddable":true,"href":"https:\/\/encuentroinformativo.com.mx\/index.php?rest_route=\/wp\/v2\/users\/1"}],"replies":[{"embeddable":true,"href":"https:\/\/encuentroinformativo.com.mx\/index.php?rest_route=%2Fwp%2Fv2%2Fcomments&post=15764"}],"version-history":[{"count":1,"href":"https:\/\/encuentroinformativo.com.mx\/index.php?rest_route=\/wp\/v2\/posts\/15764\/revisions"}],"predecessor-version":[{"id":15766,"href":"https:\/\/encuentroinformativo.com.mx\/index.php?rest_route=\/wp\/v2\/posts\/15764\/revisions\/15766"}],"wp:featuredmedia":[{"embeddable":true,"href":"https:\/\/encuentroinformativo.com.mx\/index.php?rest_route=\/wp\/v2\/media\/15765"}],"wp:attachment":[{"href":"https:\/\/encuentroinformativo.com.mx\/index.php?rest_route=%2Fwp%2Fv2%2Fmedia&parent=15764"}],"wp:term":[{"taxonomy":"category","embeddable":true,"href":"https:\/\/encuentroinformativo.com.mx\/index.php?rest_route=%2Fwp%2Fv2%2Fcategories&post=15764"},{"taxonomy":"post_tag","embeddable":true,"href":"https:\/\/encuentroinformativo.com.mx\/index.php?rest_route=%2Fwp%2Fv2%2Ftags&post=15764"}],"curies":[{"name":"wp","href":"https:\/\/api.w.org\/{rel}","templated":true}]}}