{"id":15784,"date":"2021-06-28T12:54:29","date_gmt":"2021-06-28T17:54:29","guid":{"rendered":"https:\/\/encuentroinformativo.com.mx\/?p=15784"},"modified":"2021-06-28T12:54:36","modified_gmt":"2021-06-28T17:54:36","slug":"por-despidos-procederan-contra-autoridades-del-poder-judicial","status":"publish","type":"post","link":"https:\/\/encuentroinformativo.com.mx\/?p=15784","title":{"rendered":"Por despidos, proceder\u00e1n contra autoridades del Poder Judicial"},"content":{"rendered":"\n<p><strong>Dar\u00edo Pale<\/strong><\/p>\n\n\n\n<p>Xalapa, Ver.- Presentar\u00e1n denuncia penal en contra de la magistrada presidenta del Tribunal Superior de Justicia del Estado (TSJE), por el delito de tentativa de homicidio, as\u00ed lo dio a conocer el abogado especialista en el nuevo Sistema de Justicia Penal, Tom\u00e1s Mundo Arriasa.<\/p>\n\n\n\n<p>En entrevista, explic\u00f3 que tambi\u00e9n ser\u00e1 denunciado el titular del \u00e1rea administrativa de dicha soberan\u00eda, ya que la magistrada presidenta despidi\u00f3 al defensor de oficio Mario Sant\u00e9s \u00c1lvarez, de m\u00e1s de 37 a\u00f1os de servicio.<\/p>\n\n\n\n<p>Puntualiz\u00f3 que con esto se incumple la resoluci\u00f3n cuarta de la Comisi\u00f3n Interamericana de Derechos Humanos, que establece la protecci\u00f3n en materia de salud a los funcionarios y empleados de dependencias.<\/p>\n\n\n\n<p>&#8220;Mario Sant\u00e9s \u00c1lvarez, defensor de oficio por m\u00e1s de 37 a\u00f1os dentro del Poder Judicial, es una persona vulnerable, diab\u00e9tica, hipertensa y de tajo le cortaron los servicios m\u00e9dicos&#8221;, acus\u00f3.<\/p>\n\n\n\n<p>&#8220;Dentro de las probanzas que vamos a exhibir es de una de endicronolog\u00eda y de un m\u00e9dico internista que demuestra la degradaci\u00f3n de la enfermedad ante la ausencia de medicamentos&#8221;, agreg\u00f3 y refiri\u00f3 que el pasado 14 de junio fue al IMSS y le dijeron que ya no ten\u00eda el servicio.<\/p>\n\n\n\n<p>Mundo Arriasa se\u00f1al\u00f3 que el supuesto despido de la quinta sala, fue una simulaci\u00f3n, ya que la presidenta de dicha sala fue para colocar a su primo quien a su vez se desempe\u00f1aba como secretario de acuerdos de la misma.<\/p>\n\n\n\n<p>&#8220;La presidenta de la Sala donde Mario\u00a0trabaja fue para poner al primo de ella. Simularon un despido por alguna raz\u00f3n para cumplir los compromisos, quiero pensar que por haber procedido en la destituci\u00f3n absoluta de Sof\u00eda Mart\u00ednez&#8221;, acus\u00f3.<\/p>\n\n\n\n<p>Dio a conocer que Mario Sant\u00e9s estaba incapacitado, adem\u00e1s por ser vulnerable, por su enfermedad, por su edad, no estaba yendo a trabajar.<\/p>\n\n\n\n<p>La denuncia ser\u00e1 presentada este martes ante la Fiscal\u00eda General del Estado durante la primeras horas de la ma\u00f1ana.<\/p>\n\n\n\n<p>&#8220;Sabemos lo que vamos a enfrentar, pero tenemos al C\u00f3digo Nacional a nuestro favor, tenemos la Ley General de V\u00edctimas a nuestro favor y las distintas jurisprudencias que la Corte ha emitido al respecto&#8221;, finaliz\u00f3.<\/p>\n","protected":false},"excerpt":{"rendered":"<p>Dar\u00edo Pale Xalapa, Ver.- Presentar\u00e1n denuncia penal en contra de la magistrada presidenta del Tribunal Superior de Justicia del Estado (TSJE), por el delito de tentativa de homicidio, as\u00ed lo dio a conocer el abogado especialista en el nuevo Sistema de Justicia Penal, Tom\u00e1s Mundo Arriasa. En entrevista, explic\u00f3 que tambi\u00e9n ser\u00e1 denunciado el titular [&hellip;]<\/p>\n","protected":false},"author":1,"featured_media":15785,"comment_status":"open","ping_status":"open","sticky":false,"template":"","format":"standard","meta":{"_jetpack_memberships_contains_paid_content":false,"footnotes":""},"categories":[2],"tags":[],"class_list":["post-15784","post","type-post","status-publish","format-standard","has-post-thumbnail","hentry","category-estado"],"jetpack_featured_media_url":"https:\/\/encuentroinformativo.com.mx\/wp-content\/uploads\/2021\/06\/0147D611-0EB2-4BF7-BA8C-977E1F61251B.jpeg","jetpack_sharing_enabled":true,"jetpack_likes_enabled":true,"amp_enabled":true,"_links":{"self":[{"href":"https:\/\/encuentroinformativo.com.mx\/index.php?rest_route=\/wp\/v2\/posts\/15784","targetHints":{"allow":["GET"]}}],"collection":[{"href":"https:\/\/encuentroinformativo.com.mx\/index.php?rest_route=\/wp\/v2\/posts"}],"about":[{"href":"https:\/\/encuentroinformativo.com.mx\/index.php?rest_route=\/wp\/v2\/types\/post"}],"author":[{"embeddable":true,"href":"https:\/\/encuentroinformativo.com.mx\/index.php?rest_route=\/wp\/v2\/users\/1"}],"replies":[{"embeddable":true,"href":"https:\/\/encuentroinformativo.com.mx\/index.php?rest_route=%2Fwp%2Fv2%2Fcomments&post=15784"}],"version-history":[{"count":1,"href":"https:\/\/encuentroinformativo.com.mx\/index.php?rest_route=\/wp\/v2\/posts\/15784\/revisions"}],"predecessor-version":[{"id":15786,"href":"https:\/\/encuentroinformativo.com.mx\/index.php?rest_route=\/wp\/v2\/posts\/15784\/revisions\/15786"}],"wp:featuredmedia":[{"embeddable":true,"href":"https:\/\/encuentroinformativo.com.mx\/index.php?rest_route=\/wp\/v2\/media\/15785"}],"wp:attachment":[{"href":"https:\/\/encuentroinformativo.com.mx\/index.php?rest_route=%2Fwp%2Fv2%2Fmedia&parent=15784"}],"wp:term":[{"taxonomy":"category","embeddable":true,"href":"https:\/\/encuentroinformativo.com.mx\/index.php?rest_route=%2Fwp%2Fv2%2Fcategories&post=15784"},{"taxonomy":"post_tag","embeddable":true,"href":"https:\/\/encuentroinformativo.com.mx\/index.php?rest_route=%2Fwp%2Fv2%2Ftags&post=15784"}],"curies":[{"name":"wp","href":"https:\/\/api.w.org\/{rel}","templated":true}]}}