{"id":1579,"date":"2020-04-03T14:12:15","date_gmt":"2020-04-03T20:12:15","guid":{"rendered":"https:\/\/encuentroinformativo.com\/?p=1579"},"modified":"2020-04-03T14:12:18","modified_gmt":"2020-04-03T20:12:18","slug":"camilleros-del-cae-con-temor-a-contagios-por-covid-19","status":"publish","type":"post","link":"https:\/\/encuentroinformativo.com.mx\/?p=1579","title":{"rendered":"Camilleros del CAE, con temor a contagios por Covid-19"},"content":{"rendered":"\n<p><strong>Juan Arcos <\/strong><\/p>\n\n\n\n<p>Xalapa, Ver.- Camilleros suplentes del Centro de Alta Especialidad (CAE) \u201cDoctor Rafael Lucio\u201d protestaron esta ma\u00f1ana afuera del nosocomio, debido a que carecen de prestaciones de ley como trabajadores y de protecci\u00f3n para no contagiarse de coronavirus.<\/p>\n\n\n\n<p>Los inconformes indicaron que han sido el primer contacto con los pacientes sospechosos de COVID-19.<\/p>\n\n\n\n<p>Adem\u00e1s, criticaron que no han sido capacitados para la atenci\u00f3n de dichos casos, sin el mayor riesgo posible.<\/p>\n\n\n\n<p>Mencionaron que los camilleros de base ganan tres veces m\u00e1s que ellos y se niegan a atender los casos sospechosos de coronavirus.<\/p>\n\n\n\n<p>Los quejosos pidieron el apoyo de las autoridades del Sector Salud, del gobernador Cuitl\u00e1huac Garc\u00eda Jim\u00e9nez y del presidente de la Rep\u00fablica, Andr\u00e9s Manuel L\u00f3pez Obrador, para que mejoren sus condiciones laborales.<\/p>\n\n\n\n<p>\u201cSomos el primer contacto con el paciente, a veces sin saberlo, hasta que nos dicen es COVID\u201d.<\/p>\n\n\n\n<p>Los camilleros solicitaron una base para poder acceder a todas las prestaciones de ley.<\/p>\n\n\n\n<p>\u201cSe solicita primero la entrada de bases que tienen todas las prestaciones que un suplente no tiene, los sueldos son exageradamente muy variados y solicitando que nos volteen a ver\u201d, enfatizaron.<\/p>\n\n\n\n<p><\/p>\n","protected":false},"excerpt":{"rendered":"<p>Juan Arcos Xalapa, Ver.- Camilleros suplentes del Centro de Alta Especialidad (CAE) \u201cDoctor Rafael Lucio\u201d protestaron esta ma\u00f1ana afuera del nosocomio, debido a que carecen de prestaciones de ley como trabajadores y de protecci\u00f3n para no contagiarse de coronavirus. Los inconformes indicaron que han sido el primer contacto con los pacientes sospechosos de COVID-19. Adem\u00e1s, [&hellip;]<\/p>\n","protected":false},"author":1,"featured_media":1580,"comment_status":"open","ping_status":"open","sticky":false,"template":"","format":"standard","meta":{"_jetpack_memberships_contains_paid_content":false,"footnotes":""},"categories":[9],"tags":[],"class_list":["post-1579","post","type-post","status-publish","format-standard","has-post-thumbnail","hentry","category-salud"],"jetpack_featured_media_url":"https:\/\/encuentroinformativo.com.mx\/wp-content\/uploads\/2020\/04\/C8A2B16B-6B6C-448D-B4A8-35E8CDC99774.jpeg","jetpack_sharing_enabled":true,"jetpack_likes_enabled":true,"amp_enabled":true,"_links":{"self":[{"href":"https:\/\/encuentroinformativo.com.mx\/index.php?rest_route=\/wp\/v2\/posts\/1579","targetHints":{"allow":["GET"]}}],"collection":[{"href":"https:\/\/encuentroinformativo.com.mx\/index.php?rest_route=\/wp\/v2\/posts"}],"about":[{"href":"https:\/\/encuentroinformativo.com.mx\/index.php?rest_route=\/wp\/v2\/types\/post"}],"author":[{"embeddable":true,"href":"https:\/\/encuentroinformativo.com.mx\/index.php?rest_route=\/wp\/v2\/users\/1"}],"replies":[{"embeddable":true,"href":"https:\/\/encuentroinformativo.com.mx\/index.php?rest_route=%2Fwp%2Fv2%2Fcomments&post=1579"}],"version-history":[{"count":1,"href":"https:\/\/encuentroinformativo.com.mx\/index.php?rest_route=\/wp\/v2\/posts\/1579\/revisions"}],"predecessor-version":[{"id":1581,"href":"https:\/\/encuentroinformativo.com.mx\/index.php?rest_route=\/wp\/v2\/posts\/1579\/revisions\/1581"}],"wp:featuredmedia":[{"embeddable":true,"href":"https:\/\/encuentroinformativo.com.mx\/index.php?rest_route=\/wp\/v2\/media\/1580"}],"wp:attachment":[{"href":"https:\/\/encuentroinformativo.com.mx\/index.php?rest_route=%2Fwp%2Fv2%2Fmedia&parent=1579"}],"wp:term":[{"taxonomy":"category","embeddable":true,"href":"https:\/\/encuentroinformativo.com.mx\/index.php?rest_route=%2Fwp%2Fv2%2Fcategories&post=1579"},{"taxonomy":"post_tag","embeddable":true,"href":"https:\/\/encuentroinformativo.com.mx\/index.php?rest_route=%2Fwp%2Fv2%2Ftags&post=1579"}],"curies":[{"name":"wp","href":"https:\/\/api.w.org\/{rel}","templated":true}]}}