{"id":15790,"date":"2021-06-28T15:03:39","date_gmt":"2021-06-28T20:03:39","guid":{"rendered":"https:\/\/encuentroinformativo.com.mx\/?p=15790"},"modified":"2021-06-28T15:03:41","modified_gmt":"2021-06-28T20:03:41","slug":"eleccion-de-paty-lobeira-esta-impugnada-exsome","status":"publish","type":"post","link":"https:\/\/encuentroinformativo.com.mx\/?p=15790","title":{"rendered":"Elecci\u00f3n de Paty Lobeira est\u00e1 impugnada: Exsome"},"content":{"rendered":"\n<p><strong>Alejandro \u00c1vila<\/strong><\/p>\n\n\n\n<p>Veracruz, Ver.- El candidato a la presidencia municipal de Veracruz por la coalici\u00f3n &#8220;Juntos Haremos Historia&#8221;, Ricardo Exsome Zapata, asegur\u00f3 que Patricia Lobeira Rodr\u00edguez, a\u00fan no es alcaldesa electa, pues el litigio de impugnaci\u00f3n por la elecci\u00f3n del pasado 6 de junio est\u00e1 en proceso.<\/p>\n\n\n\n<p>Expuso que en este momento, la abanderada por la alianza &#8220;Veracruz Va&#8221;, solo cuenta con un documento que avala los resultados del conteo.<\/p>\n\n\n\n<p>&#8220;La elecci\u00f3n no est\u00e1 calificada, ella no es la alcaldesa electa, ella es la candidata que recibi\u00f3 una constancia de mayor\u00eda, eso es exclusivamente lo que tiene. Se vuelve electa despu\u00e9s de que se califica la elecci\u00f3n, y la calificaci\u00f3n de la elecci\u00f3n es cuando no hay impugnaciones, se da por v\u00e1lido el resultado del conteo, cuando hay impugnaciones, se tienen que resolver las impugnaciones y entonces se califica la elecci\u00f3n&#8221;, declar\u00f3.<\/p>\n\n\n\n<p>En ese sentido, explic\u00f3 que la fecha para que los tribunales decidan su veredicto no lo conoce, pues tienen como plazo para definir, un d\u00eda antes de la toma de protesta del nuevo alcalde.<\/p>\n\n\n\n<p>Detall\u00f3 que, primero se definen impugnaciones de diputados locales, ya que ellos entran toman protesta antes que los alcaldes, luego van las de presidencias municipales, mismas que llevan un orden, de las m\u00e1s problematicas a las menos.<\/p>\n\n\n\n<p>&#8220;Entonces Veracruz ser\u00eda una de las primeras, pero entrar\u00eda hasta que estuvieran resueltos todos los temas de las diputaciones locales&#8221;, subray\u00f3.<\/p>\n\n\n\n<p>Finalmente, Exsome Zapata, confirm\u00f3 que a partir de este martes se reincorporar\u00e1 a la C\u00e1mara de Diputados Federales, donde cumplir\u00e1 los dos meses que le quedan como legislador.<\/p>\n","protected":false},"excerpt":{"rendered":"<p>Alejandro \u00c1vila Veracruz, Ver.- El candidato a la presidencia municipal de Veracruz por la coalici\u00f3n &#8220;Juntos Haremos Historia&#8221;, Ricardo Exsome Zapata, asegur\u00f3 que Patricia Lobeira Rodr\u00edguez, a\u00fan no es alcaldesa electa, pues el litigio de impugnaci\u00f3n por la elecci\u00f3n del pasado 6 de junio est\u00e1 en proceso. Expuso que en este momento, la abanderada por [&hellip;]<\/p>\n","protected":false},"author":1,"featured_media":15791,"comment_status":"open","ping_status":"open","sticky":false,"template":"","format":"standard","meta":{"_jetpack_memberships_contains_paid_content":false,"footnotes":""},"categories":[2],"tags":[],"class_list":["post-15790","post","type-post","status-publish","format-standard","has-post-thumbnail","hentry","category-estado"],"jetpack_featured_media_url":"https:\/\/encuentroinformativo.com.mx\/wp-content\/uploads\/2021\/06\/536B6524-D666-439A-A2D7-CE908D5F2E6E.jpeg","jetpack_sharing_enabled":true,"jetpack_likes_enabled":true,"amp_enabled":true,"_links":{"self":[{"href":"https:\/\/encuentroinformativo.com.mx\/index.php?rest_route=\/wp\/v2\/posts\/15790","targetHints":{"allow":["GET"]}}],"collection":[{"href":"https:\/\/encuentroinformativo.com.mx\/index.php?rest_route=\/wp\/v2\/posts"}],"about":[{"href":"https:\/\/encuentroinformativo.com.mx\/index.php?rest_route=\/wp\/v2\/types\/post"}],"author":[{"embeddable":true,"href":"https:\/\/encuentroinformativo.com.mx\/index.php?rest_route=\/wp\/v2\/users\/1"}],"replies":[{"embeddable":true,"href":"https:\/\/encuentroinformativo.com.mx\/index.php?rest_route=%2Fwp%2Fv2%2Fcomments&post=15790"}],"version-history":[{"count":1,"href":"https:\/\/encuentroinformativo.com.mx\/index.php?rest_route=\/wp\/v2\/posts\/15790\/revisions"}],"predecessor-version":[{"id":15792,"href":"https:\/\/encuentroinformativo.com.mx\/index.php?rest_route=\/wp\/v2\/posts\/15790\/revisions\/15792"}],"wp:featuredmedia":[{"embeddable":true,"href":"https:\/\/encuentroinformativo.com.mx\/index.php?rest_route=\/wp\/v2\/media\/15791"}],"wp:attachment":[{"href":"https:\/\/encuentroinformativo.com.mx\/index.php?rest_route=%2Fwp%2Fv2%2Fmedia&parent=15790"}],"wp:term":[{"taxonomy":"category","embeddable":true,"href":"https:\/\/encuentroinformativo.com.mx\/index.php?rest_route=%2Fwp%2Fv2%2Fcategories&post=15790"},{"taxonomy":"post_tag","embeddable":true,"href":"https:\/\/encuentroinformativo.com.mx\/index.php?rest_route=%2Fwp%2Fv2%2Ftags&post=15790"}],"curies":[{"name":"wp","href":"https:\/\/api.w.org\/{rel}","templated":true}]}}