{"id":15799,"date":"2021-06-28T17:13:32","date_gmt":"2021-06-28T22:13:32","guid":{"rendered":"https:\/\/encuentroinformativo.com.mx\/?p=15799"},"modified":"2021-06-28T17:13:36","modified_gmt":"2021-06-28T22:13:36","slug":"crisis-en-filarmonica-de-boca-del-rio-musicos-abandonan-orquesta","status":"publish","type":"post","link":"https:\/\/encuentroinformativo.com.mx\/?p=15799","title":{"rendered":"Crisis en Filarm\u00f3nica de Boca del R\u00edo, m\u00fasicos abandonan orquesta"},"content":{"rendered":"\n<p><strong>Alejandro \u00c1vila<\/strong><\/p>\n\n\n\n<p>Veracruz, Ver.- La Orquesta Filarm\u00f3nica de Boca del R\u00edo se encuentra en crisis total, tras recorte presupuestal, despidos injustificados y falta de proyectos de trabajo desde hace casi un a\u00f1o.<\/p>\n\n\n\n<p>Los m\u00fasicos, se\u00f1alaron que no cuentan con prestaciones de ley, aportaciones para el retiro, vivienda, seguro m\u00e9dico, regularizaci\u00f3n de los permisos de trabajo de los m\u00fasico extranjeros, y aunque se le han hecho llegar a los alcaldes de Boca del R\u00edo desde hace siete a\u00f1os, nunca obtuvieron respuesta favorable.<\/p>\n\n\n\n<p>&#8220;En agosto del 2020, en plena pandemia, nos es recortado el sueldo al 50 por ciento, con la explicaci\u00f3n de que el recurso hac\u00eda falta para atender cuestiones sanitarias y escenciales para el municipio, cuesti\u00f3n que entendemos, pero que no justifica que seamos la \u00fanica orquesta en el pa\u00eds que fue afectada con un porcentaje tan alto&#8221;, se\u00f1al\u00f3 el vocero de los m\u00fasicos.<\/p>\n\n\n\n<p>Acusaron que el Director Ejecutivo, Gilberto Martinez Alvarado, les quit\u00f3 el 36.5 de las ganacias que obtuvieron por el \u00fanico concierto virtual que lograron hacer durante la pandemia, y que precisamente era para obtener un ingreso extra para cada m\u00fasico.<\/p>\n\n\n\n<p>Debido a esto, mencion\u00f3, muchos de sus colegas tuvieron que retirarse a sus lugares de origen, teniendo que pagar mudanza en plena pandemia, por lo que ahora solo quedan cerca de 15 personas en la ciudad, del total de la orquesta.<\/p>\n\n\n\n<p>Por si fuera poco, expusieron que hubo total indiferencia en apoyo de seguro m\u00e9dico a mujeres embarazas y m\u00fasicos con COVID, quienes tuvieron que pagar sus consultas a m\u00e9dicos particulares, elevando gastos personales.<\/p>\n\n\n\n<p>&#8220;Por lo tanto, los integrantes aqu\u00ed firmantes de la OFBR, solicitamos la destituci\u00f3n inmediata del director ejecutivo, Gilberto Mart\u00ednez Alvarado, as\u00ed como del jefe de personal, Azael L\u00f3pez Santos, debido al incesante mal que hacen con intrigas y mentiras a esta valiosa comunidad de m\u00fasicos profesionales, que es la Orquesta Filarmonica de Boca del R\u00edo&#8221;, culmin\u00f3.<\/p>\n","protected":false},"excerpt":{"rendered":"<p>Alejandro \u00c1vila Veracruz, Ver.- La Orquesta Filarm\u00f3nica de Boca del R\u00edo se encuentra en crisis total, tras recorte presupuestal, despidos injustificados y falta de proyectos de trabajo desde hace casi un a\u00f1o. Los m\u00fasicos, se\u00f1alaron que no cuentan con prestaciones de ley, aportaciones para el retiro, vivienda, seguro m\u00e9dico, regularizaci\u00f3n de los permisos de trabajo [&hellip;]<\/p>\n","protected":false},"author":1,"featured_media":15800,"comment_status":"open","ping_status":"open","sticky":false,"template":"","format":"standard","meta":{"_jetpack_memberships_contains_paid_content":false,"footnotes":""},"categories":[2],"tags":[],"class_list":["post-15799","post","type-post","status-publish","format-standard","has-post-thumbnail","hentry","category-estado"],"jetpack_featured_media_url":"https:\/\/encuentroinformativo.com.mx\/wp-content\/uploads\/2021\/06\/68D9E6F7-9AC4-4A26-8E95-4120459A57A1.jpeg","jetpack_sharing_enabled":true,"jetpack_likes_enabled":true,"amp_enabled":true,"_links":{"self":[{"href":"https:\/\/encuentroinformativo.com.mx\/index.php?rest_route=\/wp\/v2\/posts\/15799","targetHints":{"allow":["GET"]}}],"collection":[{"href":"https:\/\/encuentroinformativo.com.mx\/index.php?rest_route=\/wp\/v2\/posts"}],"about":[{"href":"https:\/\/encuentroinformativo.com.mx\/index.php?rest_route=\/wp\/v2\/types\/post"}],"author":[{"embeddable":true,"href":"https:\/\/encuentroinformativo.com.mx\/index.php?rest_route=\/wp\/v2\/users\/1"}],"replies":[{"embeddable":true,"href":"https:\/\/encuentroinformativo.com.mx\/index.php?rest_route=%2Fwp%2Fv2%2Fcomments&post=15799"}],"version-history":[{"count":1,"href":"https:\/\/encuentroinformativo.com.mx\/index.php?rest_route=\/wp\/v2\/posts\/15799\/revisions"}],"predecessor-version":[{"id":15801,"href":"https:\/\/encuentroinformativo.com.mx\/index.php?rest_route=\/wp\/v2\/posts\/15799\/revisions\/15801"}],"wp:featuredmedia":[{"embeddable":true,"href":"https:\/\/encuentroinformativo.com.mx\/index.php?rest_route=\/wp\/v2\/media\/15800"}],"wp:attachment":[{"href":"https:\/\/encuentroinformativo.com.mx\/index.php?rest_route=%2Fwp%2Fv2%2Fmedia&parent=15799"}],"wp:term":[{"taxonomy":"category","embeddable":true,"href":"https:\/\/encuentroinformativo.com.mx\/index.php?rest_route=%2Fwp%2Fv2%2Fcategories&post=15799"},{"taxonomy":"post_tag","embeddable":true,"href":"https:\/\/encuentroinformativo.com.mx\/index.php?rest_route=%2Fwp%2Fv2%2Ftags&post=15799"}],"curies":[{"name":"wp","href":"https:\/\/api.w.org\/{rel}","templated":true}]}}