{"id":15802,"date":"2021-06-28T17:30:50","date_gmt":"2021-06-28T22:30:50","guid":{"rendered":"https:\/\/encuentroinformativo.com.mx\/?p=15802"},"modified":"2021-06-28T17:30:54","modified_gmt":"2021-06-28T22:30:54","slug":"por-reparaciones-cierran-puente-en-el-castillo","status":"publish","type":"post","link":"https:\/\/encuentroinformativo.com.mx\/?p=15802","title":{"rendered":"Por reparaciones,  cierran puente en El Castillo"},"content":{"rendered":"\n<p><strong>Juan Arcos <\/strong><\/p>\n\n\n\n<p>Xalapa, Ver.- Durante tres meses permanecer\u00e1 cerrado el puente ubicado sobre la prolongaci\u00f3n Chedraui Caram, carretera Xalapa-El Castillo, a la altura de la colonia Higueras.<\/p>\n\n\n\n<p>De acuerdo con Sulekey Citlalli Hern\u00e1ndez Garrido, directora de Obras P\u00fablicas del Ayuntamiento de Xalapa, la infraestructura ser\u00e1 reemplazada, debido a que presenta deterioro.<\/p>\n\n\n\n<p>Cabe recordar que el pasado 20 de junio se registr\u00f3 un socav\u00f3n en la parte baja de la estructura por la constante circulaci\u00f3n de camiones de pasajeros y tractocamiones.<\/p>\n\n\n\n<p>El tramo que estar\u00e1 cerrado comprende el tramo entre las calles Monte Sina\u00ed y Popocat\u00e9petl.<\/p>\n\n\n\n<p>La funcionaria municipal mencion\u00f3 que fueron habilitadas v\u00eda alternas para no bloquear la comunicaci\u00f3n.<\/p>\n\n\n\n<p>\u201cEs importante que la ciudadan\u00eda sepa que est\u00e1 secci\u00f3n est\u00e1 a punto de un colapso en la carpeta asf\u00e1ltica porque lo que eran los estribos de carga, que es lo que le da apoyo al puente, se ve\u00edan muy da\u00f1ados\u201d.<\/p>\n\n\n\n<p>A\u00f1adi\u00f3 que la parte afectada estaba a punto de colapsar, toda vez que no hab\u00eda recibido mantenimiento desde hace 40 a\u00f1os.<\/p>\n\n\n\n<p>\u201cEs un vado que pudo haber sido construido hace 30 o 40 a\u00f1os. Vimos que mantener la vialidad de manera preventiva era imposible, tuvimos que suspender\u201d, a\u00f1adi\u00f3.<\/p>\n\n\n\n<p>Hern\u00e1ndez Garrido indic\u00f3 que el alcalde Hip\u00f3lito Rodr\u00edguez Herrero se ha reunido con el gobernador Cuitl\u00e1huac Garc\u00eda Jim\u00e9nez para trazar una estrategia de trabajo.<\/p>\n\n\n\n<p>\u201cYa hay un equipo de profesionales trabajando para resolver a m\u00e1s tardar en tres semanas el proyecto ejecutivo que pueda plantear un nuevo puente, una nueva v\u00eda de interconexi\u00f3n y que sea redituable a m\u00e1s de 20 a\u00f1os\u201d, remat\u00f3.<\/p>\n","protected":false},"excerpt":{"rendered":"<p>Juan Arcos Xalapa, Ver.- Durante tres meses permanecer\u00e1 cerrado el puente ubicado sobre la prolongaci\u00f3n Chedraui Caram, carretera Xalapa-El Castillo, a la altura de la colonia Higueras. De acuerdo con Sulekey Citlalli Hern\u00e1ndez Garrido, directora de Obras P\u00fablicas del Ayuntamiento de Xalapa, la infraestructura ser\u00e1 reemplazada, debido a que presenta deterioro. Cabe recordar que el [&hellip;]<\/p>\n","protected":false},"author":1,"featured_media":15803,"comment_status":"open","ping_status":"open","sticky":false,"template":"","format":"standard","meta":{"_jetpack_memberships_contains_paid_content":false,"footnotes":""},"categories":[3],"tags":[],"class_list":["post-15802","post","type-post","status-publish","format-standard","has-post-thumbnail","hentry","category-xalapa"],"jetpack_featured_media_url":"https:\/\/encuentroinformativo.com.mx\/wp-content\/uploads\/2021\/06\/5FD49AE5-9720-4AFF-AA46-40E94F4E0238.jpeg","jetpack_sharing_enabled":true,"jetpack_likes_enabled":true,"amp_enabled":true,"_links":{"self":[{"href":"https:\/\/encuentroinformativo.com.mx\/index.php?rest_route=\/wp\/v2\/posts\/15802","targetHints":{"allow":["GET"]}}],"collection":[{"href":"https:\/\/encuentroinformativo.com.mx\/index.php?rest_route=\/wp\/v2\/posts"}],"about":[{"href":"https:\/\/encuentroinformativo.com.mx\/index.php?rest_route=\/wp\/v2\/types\/post"}],"author":[{"embeddable":true,"href":"https:\/\/encuentroinformativo.com.mx\/index.php?rest_route=\/wp\/v2\/users\/1"}],"replies":[{"embeddable":true,"href":"https:\/\/encuentroinformativo.com.mx\/index.php?rest_route=%2Fwp%2Fv2%2Fcomments&post=15802"}],"version-history":[{"count":1,"href":"https:\/\/encuentroinformativo.com.mx\/index.php?rest_route=\/wp\/v2\/posts\/15802\/revisions"}],"predecessor-version":[{"id":15804,"href":"https:\/\/encuentroinformativo.com.mx\/index.php?rest_route=\/wp\/v2\/posts\/15802\/revisions\/15804"}],"wp:featuredmedia":[{"embeddable":true,"href":"https:\/\/encuentroinformativo.com.mx\/index.php?rest_route=\/wp\/v2\/media\/15803"}],"wp:attachment":[{"href":"https:\/\/encuentroinformativo.com.mx\/index.php?rest_route=%2Fwp%2Fv2%2Fmedia&parent=15802"}],"wp:term":[{"taxonomy":"category","embeddable":true,"href":"https:\/\/encuentroinformativo.com.mx\/index.php?rest_route=%2Fwp%2Fv2%2Fcategories&post=15802"},{"taxonomy":"post_tag","embeddable":true,"href":"https:\/\/encuentroinformativo.com.mx\/index.php?rest_route=%2Fwp%2Fv2%2Ftags&post=15802"}],"curies":[{"name":"wp","href":"https:\/\/api.w.org\/{rel}","templated":true}]}}