{"id":15805,"date":"2021-06-28T17:42:04","date_gmt":"2021-06-28T22:42:04","guid":{"rendered":"https:\/\/encuentroinformativo.com.mx\/?p=15805"},"modified":"2021-06-28T17:42:08","modified_gmt":"2021-06-28T22:42:08","slug":"va-el-segundo-realizan-cambios-en-sedema","status":"publish","type":"post","link":"https:\/\/encuentroinformativo.com.mx\/?p=15805","title":{"rendered":"\u00a1Va el segundo!, Realizan cambios en SEDEMA"},"content":{"rendered":"\n<p>Xalapa, Ver.- El gobernador Cuitl\u00e1huac Garc\u00eda Jim\u00e9nez realiz\u00f3 este lunes un nuevo ajuste en su gabinete al nombrar al ingeniero qu\u00edmico Juan Carlos Contreras Bautista como Encargado de Despacho de la Secretar\u00eda de Medio Ambiente (SEDEMA).<\/p>\n\n\n\n<p>A trav\u00e9s de sus redes sociales aclar\u00f3 que este d\u00eda recibi\u00f3 la renuncia de Mar\u00eda del Roc\u00edo P\u00e9rez P\u00e9rez &#8220;por motivos estrictamente personales&#8221; como titular de la dependencia y qui\u00e9n inici\u00f3 la Administraci\u00f3n con el Gobernador.<\/p>\n\n\n\n<p>Garc\u00eda Jim\u00e9nez agradeci\u00f3 &#8220;todo el apoyo y el gran impulso que le dio a esta Secretar\u00eda&#8221;.<\/p>\n\n\n\n<p>&#8220;Seguiremos comprometidos con el medio ambiente y continuaremos los proyectos que caracterizan la labor transformadora que inici\u00f3 la Lic. Roc\u00edo P\u00e9rez P\u00e9rez&#8221;, expuso en su mensaje.<\/p>\n","protected":false},"excerpt":{"rendered":"<p>Xalapa, Ver.- El gobernador Cuitl\u00e1huac Garc\u00eda Jim\u00e9nez realiz\u00f3 este lunes un nuevo ajuste en su gabinete al nombrar al ingeniero qu\u00edmico Juan Carlos Contreras Bautista como Encargado de Despacho de la Secretar\u00eda de Medio Ambiente (SEDEMA). A trav\u00e9s de sus redes sociales aclar\u00f3 que este d\u00eda recibi\u00f3 la renuncia de Mar\u00eda del Roc\u00edo P\u00e9rez P\u00e9rez [&hellip;]<\/p>\n","protected":false},"author":1,"featured_media":15806,"comment_status":"open","ping_status":"open","sticky":false,"template":"","format":"standard","meta":{"_jetpack_memberships_contains_paid_content":false,"footnotes":""},"categories":[2],"tags":[],"class_list":["post-15805","post","type-post","status-publish","format-standard","has-post-thumbnail","hentry","category-estado"],"jetpack_featured_media_url":"https:\/\/encuentroinformativo.com.mx\/wp-content\/uploads\/2021\/06\/284863AF-90E8-4807-A679-90F466384A32.jpeg","jetpack_sharing_enabled":true,"jetpack_likes_enabled":true,"amp_enabled":true,"_links":{"self":[{"href":"https:\/\/encuentroinformativo.com.mx\/index.php?rest_route=\/wp\/v2\/posts\/15805","targetHints":{"allow":["GET"]}}],"collection":[{"href":"https:\/\/encuentroinformativo.com.mx\/index.php?rest_route=\/wp\/v2\/posts"}],"about":[{"href":"https:\/\/encuentroinformativo.com.mx\/index.php?rest_route=\/wp\/v2\/types\/post"}],"author":[{"embeddable":true,"href":"https:\/\/encuentroinformativo.com.mx\/index.php?rest_route=\/wp\/v2\/users\/1"}],"replies":[{"embeddable":true,"href":"https:\/\/encuentroinformativo.com.mx\/index.php?rest_route=%2Fwp%2Fv2%2Fcomments&post=15805"}],"version-history":[{"count":1,"href":"https:\/\/encuentroinformativo.com.mx\/index.php?rest_route=\/wp\/v2\/posts\/15805\/revisions"}],"predecessor-version":[{"id":15807,"href":"https:\/\/encuentroinformativo.com.mx\/index.php?rest_route=\/wp\/v2\/posts\/15805\/revisions\/15807"}],"wp:featuredmedia":[{"embeddable":true,"href":"https:\/\/encuentroinformativo.com.mx\/index.php?rest_route=\/wp\/v2\/media\/15806"}],"wp:attachment":[{"href":"https:\/\/encuentroinformativo.com.mx\/index.php?rest_route=%2Fwp%2Fv2%2Fmedia&parent=15805"}],"wp:term":[{"taxonomy":"category","embeddable":true,"href":"https:\/\/encuentroinformativo.com.mx\/index.php?rest_route=%2Fwp%2Fv2%2Fcategories&post=15805"},{"taxonomy":"post_tag","embeddable":true,"href":"https:\/\/encuentroinformativo.com.mx\/index.php?rest_route=%2Fwp%2Fv2%2Ftags&post=15805"}],"curies":[{"name":"wp","href":"https:\/\/api.w.org\/{rel}","templated":true}]}}