{"id":15815,"date":"2021-06-29T09:36:09","date_gmt":"2021-06-29T14:36:09","guid":{"rendered":"https:\/\/encuentroinformativo.com.mx\/?p=15815"},"modified":"2021-06-29T09:36:13","modified_gmt":"2021-06-29T14:36:13","slug":"el-caron-y-el-abue","status":"publish","type":"post","link":"https:\/\/encuentroinformativo.com.mx\/?p=15815","title":{"rendered":"El Car\u00f3n y el Abue"},"content":{"rendered":"\n<p><strong>Los Pol\u00edticos<\/strong><\/p>\n\n\n\n<p><strong>Salvador Mu\u00f1oz<\/strong><\/p>\n\n\n\n<p>El partido Morena dio a conocer que realiz\u00f3 un Seminario-Taller de Comunicaci\u00f3n Pol\u00edtica dirigido a diputadas y diputados locales electos en los pasados comicios del 6 de junio. En una de las fotos que circul\u00f3 al respecto, se alcanza a ver un buen n\u00famero de asistentes que uno espera, sean los legisladores electos.<\/p>\n\n\n\n<p>Hace casi tres a\u00f1os, cuando Morena igual se levant\u00f3 con el triunfo, hubo dos cursos por as\u00ed decirlo, dirigidos a los hoy diputados donde en uno, hubo una asistencia no mayor a siete electos y en el segundo, se tuvo que suspender de plano ante la nula presencia de los que deber\u00edan estar interesados en ello.<\/p>\n\n\n\n<p>Pudi\u00e9ramos entonces entender, por una parte, el desastroso inicio de los diputados de Morena en la LXV Legislatura\u2026 Ojal\u00e1 que en la LXVI las cosas var\u00eden para bien, tanto de los representados como de ellos mismos.<\/p>\n\n\n\n<p><strong>II<\/strong><\/p>\n\n\n\n<p>Le digo a Juan Javier G\u00f3mez Cazar\u00edn que es el Am\u00e9rica de Morena: lo aman o lo odian. Hay quienes ven en \u00e9l, el factor decisivo para que Morena tenga los triunfos que tiene en este momento.<\/p>\n\n\n\n<p>Difiero totalmente de ello\u2026 si hay alguien a quien deberle los triunfos que obtuvo Morena en este pasado proceso electoral, sin duda alguna es a Cuitl\u00e1huac Garc\u00eda, porque hizo lo mejor que pudo haber hecho en estas elecciones: hacerse a un lado y dejar a los que saben, trabajar.<\/p>\n\n\n\n<p>Como sea\u2026<\/p>\n\n\n\n<p>El comentario del Am\u00e9rica de Morena, se debe a que conociendo los resultados del pasado proceso electoral y por cuestiones de g\u00e9nero y paridad, muchos celebraban la posibilidad de que El Car\u00f3n no entre como Diputado Plurinominal y hubo quienes hac\u00edan y deshac\u00edan prospectivas para que se dieran las distintas f\u00f3rmulas posibles en aras de que entre como Pluri.<\/p>\n\n\n\n<p>El Car\u00f3n G\u00f3mez Cazar\u00edn, al inicio de estas pol\u00e9micas, me asegur\u00f3 que era un hecho de que ser\u00eda diputado \u201cy hasta el Abuelito iba a entrar\u201d.<\/p>\n\n\n\n<p>La seguridad de su pase a la LXVI Legislatura lo plasma en su columna \u201cParlamento Veracruz\u201d en el primer p\u00e1rrafo donde afirma:<br>\u201cDiputadas y diputados locales electos de diferentes puntos del pa\u00eds nos reunimos la semana pasada con nuestra dirigencia nacional en la Ciudad de M\u00e9xico, la que encabeza Mario Delgado Carrillo\u201d.<\/p>\n\n\n\n<p>S\u00ed, \u00e9l se da como Diputado Electo. \u00bfY d\u00f3nde queda Domingo Bahena? La l\u00f3gica apunta a que si no entra como Diputado Pluri, mantenerlo como secretario general del Congreso local.<\/p>\n\n\n\n<p><strong>III<\/strong><\/p>\n\n\n\n<p>Preocupa la falta de visi\u00f3n del Gobierno del Estado as\u00ed como de sus respectivas ramas para (valga la redundancia) no ver lo que debieran ver\u2026<\/p>\n\n\n\n<p>El primer ejemplo es la Torre Maldita que s\u00f3lo el ojo rapaz, habilidoso, acucioso y cr\u00edtico del presidente, pudo detectar en el Puerto de Veracruz, sin que el Gobernador o autoridades como el INAH, entre otros, lo hubieran notado. Es como si para Cuicas, este edificio en Construcci\u00f3n, de la noche a la ma\u00f1ana hubiera aparecido como por arte de magia, \u00a1negra por supuesto! \u00bfporque de qu\u00e9 otro modo puede ser malvada la construcci\u00f3n? Lo bueno es que tiene un presidente que le hace abrir los ojos\u2026&nbsp;<\/p>\n\n\n\n<p>El caso de la Torre Maldita es uno\u2026 el que m\u00e1s preocupa es el de la otra Torre, la Pedi\u00e1trica\u2026 La ca\u00edda del plaf\u00f3n en el \u00e1rea de recuperaci\u00f3n de quir\u00f3fanos me hace recordar un poco el caso de la famosa L\u00ednea 12 del Metro, por una raz\u00f3n: como que se les olvida a las autoridades o gobiernos que hay que dar mantenimiento a la infraestructura existente\u2026 y cuando alguien echa culpa a todos sin asumir responsabilidad alguna, hay que tener miedo porque entonces estaremos frente a un mentiroso o mentirosa en potencia\u2026 anal\u00edcelo.<\/p>\n\n\n\n<p>Ahora, ser\u00eda buen momento para que el secretario de Salud diera instrucciones para que le den mantenimiento al resto de las instalaciones que competen a Salud\u2026 Austeridad no es dejar de utilizar el dinero, sino evitar su dispendio.<\/p>\n\n\n\n<p><a href=\"mailto:smcainito@gmail.com\" target=\"_blank\" rel=\"noreferrer noopener\">smcainito@gmail.com<\/a><\/p>\n","protected":false},"excerpt":{"rendered":"<p>Los Pol\u00edticos Salvador Mu\u00f1oz El partido Morena dio a conocer que realiz\u00f3 un Seminario-Taller de Comunicaci\u00f3n Pol\u00edtica dirigido a diputadas y diputados locales electos en los pasados comicios del 6 de junio. En una de las fotos que circul\u00f3 al respecto, se alcanza a ver un buen n\u00famero de asistentes que uno espera, sean los [&hellip;]<\/p>\n","protected":false},"author":1,"featured_media":70,"comment_status":"open","ping_status":"open","sticky":false,"template":"","format":"standard","meta":{"_jetpack_memberships_contains_paid_content":false,"footnotes":""},"categories":[11],"tags":[],"class_list":["post-15815","post","type-post","status-publish","format-standard","has-post-thumbnail","hentry","category-opinion"],"jetpack_featured_media_url":"https:\/\/encuentroinformativo.com.mx\/wp-content\/uploads\/2020\/02\/opinion-invitado.jpg","jetpack_sharing_enabled":true,"jetpack_likes_enabled":true,"amp_enabled":true,"_links":{"self":[{"href":"https:\/\/encuentroinformativo.com.mx\/index.php?rest_route=\/wp\/v2\/posts\/15815","targetHints":{"allow":["GET"]}}],"collection":[{"href":"https:\/\/encuentroinformativo.com.mx\/index.php?rest_route=\/wp\/v2\/posts"}],"about":[{"href":"https:\/\/encuentroinformativo.com.mx\/index.php?rest_route=\/wp\/v2\/types\/post"}],"author":[{"embeddable":true,"href":"https:\/\/encuentroinformativo.com.mx\/index.php?rest_route=\/wp\/v2\/users\/1"}],"replies":[{"embeddable":true,"href":"https:\/\/encuentroinformativo.com.mx\/index.php?rest_route=%2Fwp%2Fv2%2Fcomments&post=15815"}],"version-history":[{"count":1,"href":"https:\/\/encuentroinformativo.com.mx\/index.php?rest_route=\/wp\/v2\/posts\/15815\/revisions"}],"predecessor-version":[{"id":15816,"href":"https:\/\/encuentroinformativo.com.mx\/index.php?rest_route=\/wp\/v2\/posts\/15815\/revisions\/15816"}],"wp:featuredmedia":[{"embeddable":true,"href":"https:\/\/encuentroinformativo.com.mx\/index.php?rest_route=\/wp\/v2\/media\/70"}],"wp:attachment":[{"href":"https:\/\/encuentroinformativo.com.mx\/index.php?rest_route=%2Fwp%2Fv2%2Fmedia&parent=15815"}],"wp:term":[{"taxonomy":"category","embeddable":true,"href":"https:\/\/encuentroinformativo.com.mx\/index.php?rest_route=%2Fwp%2Fv2%2Fcategories&post=15815"},{"taxonomy":"post_tag","embeddable":true,"href":"https:\/\/encuentroinformativo.com.mx\/index.php?rest_route=%2Fwp%2Fv2%2Ftags&post=15815"}],"curies":[{"name":"wp","href":"https:\/\/api.w.org\/{rel}","templated":true}]}}