{"id":15830,"date":"2021-06-29T13:44:54","date_gmt":"2021-06-29T18:44:54","guid":{"rendered":"https:\/\/encuentroinformativo.com.mx\/?p=15830"},"modified":"2021-06-29T13:44:59","modified_gmt":"2021-06-29T18:44:59","slug":"frena-inah-proyectos-peatonales-en-centro-de-veracruz","status":"publish","type":"post","link":"https:\/\/encuentroinformativo.com.mx\/?p=15830","title":{"rendered":"Frena INAH proyectos peatonales en centro de Veracruz"},"content":{"rendered":"\n<p><strong>Alejandro \u00c1vila<\/strong><\/p>\n\n\n\n<p>Veracruz, Ver. \u2013 El alcalde de Veracruz, Fernando Yunes M\u00e1rquez confirm\u00f3 que el proyecto de peatonalizar Independencia como se ten\u00eda previsto con el presupuesto de parqu\u00edmetros qued\u00f3 descartado, debido a que el Instituto Nacional de Antropolog\u00eda e Historia (INAH), nunca dio la anuencia a los varios proyectos que presentaron.<\/p>\n\n\n\n<p>En ese sentido, lament\u00f3 que la delegaci\u00f3n del INAH en Veracruz se niegue, casi siempre a todos los proyectos de desarrollo y cambio de imagen del Centro Hist\u00f3rico, pues no sucede lo mismo en otras ciudades del pa\u00eds.<\/p>\n\n\n\n<p>A pesar de ello, se\u00f1al\u00f3 que el dinero que se ten\u00eda destinado para ampliar y adoquinar la avenida Independencia, con el fin de hacerla peatonal, ser\u00e1 utilizado ahora, para la iluminaci\u00f3n arquitect\u00f3nica de la Catedral de Veracruz y el edificio Trigueros.<\/p>\n\n\n\n<p>\u201cSe va a cambiar, el INAH desgraciadamente y como siempre negando el desarrollo de Veracruz, es una pena que el INAH le haga esto a nuestra ciudad, cuando no se hace en otros lugares, vemos a otra ciudades con centro hist\u00f3rico como Campeche, Zacatecas, Quer\u00e9taro, San Miguel de Allende, donde el INAH s\u00ed les permite hacer cosas, aqu\u00ed pr\u00e1cticamente se han negado a todo, entonces decidimos cambiar el proyecto para hacer la iluminaci\u00f3n arquitect\u00f3nica de la Catedral de Veracruz, que no se tiene, la iluminaci\u00f3n del edificio de Trigueros, y al mismo tiempo en la Catedral, poderle dar una remozada de obra civil, que le hace falta tambi\u00e9n para tenerla bien\u201d, apunt\u00f3.<\/p>\n\n\n\n<p>El edil panista coment\u00f3 que durante su administraci\u00f3n han pasado 5 delegados del INAH, por lo que es dif\u00edcil realizar un proyecto a largo plazo, puesto que cada uno de ellos no dura ni siquiera un a\u00f1o en el puesto.<\/p>\n\n\n\n<p>\u201cMe parece que ese es en gran medida el problema, que tenemos cambios constantes, constantes, constantes, y es sumamente complicado darle continuidad a proyectos, no de gobierno, pensemos en proyectos de particulares, que tal vez sean obras que tomen dos, tres a\u00f1os o un poco m\u00e1s, porque cada persona que viene de delegado trae un criterio completamente distinto que el anterior\u201d, remat\u00f3.<\/p>\n","protected":false},"excerpt":{"rendered":"<p>Alejandro \u00c1vila Veracruz, Ver. \u2013 El alcalde de Veracruz, Fernando Yunes M\u00e1rquez confirm\u00f3 que el proyecto de peatonalizar Independencia como se ten\u00eda previsto con el presupuesto de parqu\u00edmetros qued\u00f3 descartado, debido a que el Instituto Nacional de Antropolog\u00eda e Historia (INAH), nunca dio la anuencia a los varios proyectos que presentaron. En ese sentido, lament\u00f3 [&hellip;]<\/p>\n","protected":false},"author":1,"featured_media":15831,"comment_status":"open","ping_status":"open","sticky":false,"template":"","format":"standard","meta":{"_jetpack_memberships_contains_paid_content":false,"footnotes":""},"categories":[2],"tags":[],"class_list":["post-15830","post","type-post","status-publish","format-standard","has-post-thumbnail","hentry","category-estado"],"jetpack_featured_media_url":"https:\/\/encuentroinformativo.com.mx\/wp-content\/uploads\/2021\/06\/5C2DAD80-56DE-417C-8ADA-6926677752CC.jpeg","jetpack_sharing_enabled":true,"jetpack_likes_enabled":true,"amp_enabled":true,"_links":{"self":[{"href":"https:\/\/encuentroinformativo.com.mx\/index.php?rest_route=\/wp\/v2\/posts\/15830","targetHints":{"allow":["GET"]}}],"collection":[{"href":"https:\/\/encuentroinformativo.com.mx\/index.php?rest_route=\/wp\/v2\/posts"}],"about":[{"href":"https:\/\/encuentroinformativo.com.mx\/index.php?rest_route=\/wp\/v2\/types\/post"}],"author":[{"embeddable":true,"href":"https:\/\/encuentroinformativo.com.mx\/index.php?rest_route=\/wp\/v2\/users\/1"}],"replies":[{"embeddable":true,"href":"https:\/\/encuentroinformativo.com.mx\/index.php?rest_route=%2Fwp%2Fv2%2Fcomments&post=15830"}],"version-history":[{"count":1,"href":"https:\/\/encuentroinformativo.com.mx\/index.php?rest_route=\/wp\/v2\/posts\/15830\/revisions"}],"predecessor-version":[{"id":15832,"href":"https:\/\/encuentroinformativo.com.mx\/index.php?rest_route=\/wp\/v2\/posts\/15830\/revisions\/15832"}],"wp:featuredmedia":[{"embeddable":true,"href":"https:\/\/encuentroinformativo.com.mx\/index.php?rest_route=\/wp\/v2\/media\/15831"}],"wp:attachment":[{"href":"https:\/\/encuentroinformativo.com.mx\/index.php?rest_route=%2Fwp%2Fv2%2Fmedia&parent=15830"}],"wp:term":[{"taxonomy":"category","embeddable":true,"href":"https:\/\/encuentroinformativo.com.mx\/index.php?rest_route=%2Fwp%2Fv2%2Fcategories&post=15830"},{"taxonomy":"post_tag","embeddable":true,"href":"https:\/\/encuentroinformativo.com.mx\/index.php?rest_route=%2Fwp%2Fv2%2Ftags&post=15830"}],"curies":[{"name":"wp","href":"https:\/\/api.w.org\/{rel}","templated":true}]}}