{"id":15859,"date":"2021-06-30T09:35:36","date_gmt":"2021-06-30T14:35:36","guid":{"rendered":"https:\/\/encuentroinformativo.com.mx\/?p=15859"},"modified":"2021-06-30T09:35:41","modified_gmt":"2021-06-30T14:35:41","slug":"marlon-y-alito","status":"publish","type":"post","link":"https:\/\/encuentroinformativo.com.mx\/?p=15859","title":{"rendered":"Marlon y Alito"},"content":{"rendered":"\n<p><strong>Los Pol\u00edticos<\/strong><\/p>\n\n\n\n<p><strong>Salvador Mu\u00f1oz<\/strong><\/p>\n\n\n\n<p>De los diputados plurinominales que llegan al Congreso local, hay algunos que ocupan carteras en sus respectivos partidos, como es el caso de Maribel Ram\u00edrez Topete, subcoordinadora nacional de Mujeres en Movimiento; Eleaney Sesma, dirigente estatal de Asuntos de la Mujer del PVEM; en el PRI, van Marlon Ram\u00edrez y Arianna Angeles, presidente del PRI y secretaria general, respectivamente, as\u00ed como Marcelo Ruiz S\u00e1nchez, quien es dirigente del Verde Ecologista.<\/p>\n\n\n\n<p>Su cargo en sus respectivos partidos no ri\u00f1en con su cargo en el Congreso local, es decir, que pueden poner un ojo al gato y otro al garabato sin problema alguno\u2026<\/p>\n\n\n\n<p>En el caso de Marcelo, Marlon y Arianna hay quienes consideran que bien debieran dar un paso a la derecha y dejar sus respectivos partidos.<\/p>\n\n\n\n<p>Por ello, en el PVEM, ya le ven espolones al Cisne, Alberto Silva Ramos, para ocupar la dirigencia que por cierto, en este a\u00f1o se tendr\u00eda que renovar. J\u00farelo que si as\u00ed se da, haga El Cisne el 1-2 con Citlalli Medell\u00edn; ella, en la secretar\u00eda general.<\/p>\n\n\n\n<p>En el caso del PRI, a ciencia cierta no s\u00e9 cu\u00e1l pudiera ser el destino de Arianna Angeles Aguirre, si se mantiene en la secretar\u00eda general o da un paso al lado para meterse de lleno a las actividades legislativas.<\/p>\n\n\n\n<p>S\u00f3lo en el caso de Marlon Ram\u00edrez Mar\u00edn se pudiera dar un efecto contrario a lo esperado lo que bien le dar\u00eda un plus a su desempe\u00f1o como presidente estatal del PRI.<\/p>\n\n\n\n<p>S\u00f3lo imagine que all\u00e1 en noviembre, cuando rindan protesta los nuevos diputados de la LXVI Legislatura, entre ellos Marlon Ram\u00edrez, \u00e9ste, en menos de 24 horas, enviara a la Presidencia de la Mesa Directiva solicitud de licencia al cargo para atender \u00fanicamente sus actividades como Presidente del PRI.<\/p>\n\n\n\n<p>Un caso reciente ante esta posibilidad que les estoy contando, est\u00e1 en Pablo Anaya Rivera, diputado por Poza Rica en la LXII Legislatura local, quien tras 24 horas de haber rendido protesta, solicit\u00f3 licencia. Claro, las circunstancias son totalmente opuestas a lo que el pozarricense vivi\u00f3 a lo que vive el porte\u00f1o. Anaya deja la curul para irse como secretario de Salud en el gobierno de Duarte, mientras que si se diera esta posibilidad, el \u00fanico objetivo de Marlon Ram\u00edrez ser\u00eda su partido.<\/p>\n\n\n\n<p>Por supuesto\u2026 esto no deja de ser una posibilidad que ara\u00f1a lo idealista, que de darse, hablar\u00eda mucho de lo que est\u00e1 hecho Marlon Ram\u00edrez y de cu\u00e1nto est\u00e1 comprometido con su partido&#8230;<\/p>\n\n\n\n<p>Imaginen este escenario ahora en Alito\u2026 ai se los dejo&#8230;<\/p>\n\n\n\n<p><strong>II<\/strong><\/p>\n\n\n\n<p>De las cosas buenas que deja el comercial maldito de MoneyMan y Arath de la Torre, es que obliga a preguntarse cu\u00e1ntas vueltas realmente dan los Voladores de Papantla en su descenso. En lo particular, cuando el comediante cuestiona esto, me di cuenta que no hab\u00eda prestado atenci\u00f3n al n\u00famero de vueltas que dan y simplemente me dejaba llevar por la osad\u00eda de estos hombres que desaf\u00edan para m\u00ed, la gravedad en este ritual que es un saludo al Sol y una petici\u00f3n para que la lluvia fertilice la tierra\u2026<\/p>\n\n\n\n<p>H\u00e9ctor Yunes en un Tuit, comenta esto: \u201cHoy se confirma que los racistas son, sin excepci\u00f3n, ignorantes y&nbsp; pendejos. Arath de la Torre no ofendi\u00f3 a los Voladores sino a todos los veracruzanos. Hace 4 a\u00f1os tambi\u00e9n publiqu\u00e9 un tweet respondiendo al agravio de un ex funcionario poblano a mis paisanos de Papantla\u201d. Aprovecho y le pregunto: \u00bfCu\u00e1ntas vueltas dan los Voladores de Papantla? y me responde:<\/p>\n\n\n\n<p>Los voladores de Papantla pueden girar hasta 13 veces, el equivalente al n\u00famero de lunas en un a\u00f1o solar; multiplicados por 4 resultan en 52, el n\u00famero de un ciclo completo en el calendario prehisp\u00e1nico solar. Es el mismo n\u00famero de semanas de nuestro calendario gregoriano.<\/p>\n\n\n\n<p>En lo que a m\u00ed respecta, no se me hace ofensiva la pregunta o analog\u00eda que hace el actor (que sigue un script) porque me oblig\u00f3 a observar ese detalle que el diputado federal de Soledad de Doblado me hizo el favor de responder\u2026 ello me hace reflexionar que cuando vuelva a estar frente a este espect\u00e1culo, contar\u00e9 las vueltas.<\/p>\n\n\n\n<p>Lo que s\u00ed resulta desagradable en el anuncio de marras, es la parte en el que los 4 mil pesos aplastan a un danzante de los Voladores de Papantla. \u00a1Ah! Que quede claro\u2026 de eso no es responsable Arath de la Torre, sino quiz\u00e1s de los editores del video y de quienes dieron luz verde para su publicaci\u00f3n ante la falta de sensibilidad, porque en s\u00ed, lo que debiera aplastarse con su propuesta, no es a un Volador, sino a los intereses que puede generar un pr\u00e9stamo. \u00a1Gracias H\u00e9ctor!<\/p>\n\n\n\n<p><a href=\"mailto:smcainito@gmail.com\" target=\"_blank\" rel=\"noreferrer noopener\">smcainito@gmail.com<\/a><\/p>\n","protected":false},"excerpt":{"rendered":"<p>Los Pol\u00edticos Salvador Mu\u00f1oz De los diputados plurinominales que llegan al Congreso local, hay algunos que ocupan carteras en sus respectivos partidos, como es el caso de Maribel Ram\u00edrez Topete, subcoordinadora nacional de Mujeres en Movimiento; Eleaney Sesma, dirigente estatal de Asuntos de la Mujer del PVEM; en el PRI, van Marlon Ram\u00edrez y Arianna [&hellip;]<\/p>\n","protected":false},"author":1,"featured_media":70,"comment_status":"open","ping_status":"open","sticky":false,"template":"","format":"standard","meta":{"_jetpack_memberships_contains_paid_content":false,"footnotes":""},"categories":[11],"tags":[],"class_list":["post-15859","post","type-post","status-publish","format-standard","has-post-thumbnail","hentry","category-opinion"],"jetpack_featured_media_url":"https:\/\/encuentroinformativo.com.mx\/wp-content\/uploads\/2020\/02\/opinion-invitado.jpg","jetpack_sharing_enabled":true,"jetpack_likes_enabled":true,"amp_enabled":true,"_links":{"self":[{"href":"https:\/\/encuentroinformativo.com.mx\/index.php?rest_route=\/wp\/v2\/posts\/15859","targetHints":{"allow":["GET"]}}],"collection":[{"href":"https:\/\/encuentroinformativo.com.mx\/index.php?rest_route=\/wp\/v2\/posts"}],"about":[{"href":"https:\/\/encuentroinformativo.com.mx\/index.php?rest_route=\/wp\/v2\/types\/post"}],"author":[{"embeddable":true,"href":"https:\/\/encuentroinformativo.com.mx\/index.php?rest_route=\/wp\/v2\/users\/1"}],"replies":[{"embeddable":true,"href":"https:\/\/encuentroinformativo.com.mx\/index.php?rest_route=%2Fwp%2Fv2%2Fcomments&post=15859"}],"version-history":[{"count":1,"href":"https:\/\/encuentroinformativo.com.mx\/index.php?rest_route=\/wp\/v2\/posts\/15859\/revisions"}],"predecessor-version":[{"id":15860,"href":"https:\/\/encuentroinformativo.com.mx\/index.php?rest_route=\/wp\/v2\/posts\/15859\/revisions\/15860"}],"wp:featuredmedia":[{"embeddable":true,"href":"https:\/\/encuentroinformativo.com.mx\/index.php?rest_route=\/wp\/v2\/media\/70"}],"wp:attachment":[{"href":"https:\/\/encuentroinformativo.com.mx\/index.php?rest_route=%2Fwp%2Fv2%2Fmedia&parent=15859"}],"wp:term":[{"taxonomy":"category","embeddable":true,"href":"https:\/\/encuentroinformativo.com.mx\/index.php?rest_route=%2Fwp%2Fv2%2Fcategories&post=15859"},{"taxonomy":"post_tag","embeddable":true,"href":"https:\/\/encuentroinformativo.com.mx\/index.php?rest_route=%2Fwp%2Fv2%2Ftags&post=15859"}],"curies":[{"name":"wp","href":"https:\/\/api.w.org\/{rel}","templated":true}]}}