{"id":15863,"date":"2021-06-30T10:06:24","date_gmt":"2021-06-30T15:06:24","guid":{"rendered":"https:\/\/encuentroinformativo.com.mx\/?p=15863"},"modified":"2021-06-30T10:06:28","modified_gmt":"2021-06-30T15:06:28","slug":"por-verano-podria-abrir-zona-arqueologica-el-tajin","status":"publish","type":"post","link":"https:\/\/encuentroinformativo.com.mx\/?p=15863","title":{"rendered":"Por verano, podr\u00eda abrir zona arqueol\u00f3gica El Taj\u00edn"},"content":{"rendered":"\n<p><strong>*Rehabilitar\u00e1n ba\u00f1os e infraestructura hidr\u00e1ulica.<\/strong><\/p>\n\n\n\n<p><strong>Alejandro \u00c1vila<\/strong><\/p>\n\n\n\n<p>Veracruz, Ver.- Finalmente y despu\u00e9s de m\u00e1s de un a\u00f1o de permanecer cerrada la zona arqueol\u00f3gica de El Taj\u00edn, \u00e9sta podr\u00eda abrir sus puertas al p\u00fablico tras un acuerdo entre la administraci\u00f3n y los prestadores de servicio.<\/p>\n\n\n\n<p>Fue el alcalde de Papantla, Mariano Romero Gonz\u00e1lez quien gestion\u00f3 la reuni\u00f3n entre la administraci\u00f3n y los prestadores de servicio, quienes se dijeron sumamente afectados en su econom\u00eda durante la pandemia por el cierre de este espacio turistico.<\/p>\n\n\n\n<p>Despu\u00e9s de un a\u00f1o y tres meses de su cierre, finalmente en 15 d\u00edas iniciar\u00e1n los trabajos de rehabilitaci\u00f3n y mantenimiento de la zona arqueol\u00f3gica, se inform\u00f3.<\/p>\n\n\n\n<p>Se aclar\u00f3 que, en caso de abrir el espacio, se deber\u00e1n cumplir los protocolos sanitarios, evitando las aglomeraciones, y guiados siempre por el sem\u00e1foro epidemiol\u00f3gico lo permita.<\/p>\n\n\n\n<p>Se mencion\u00f3 que se har\u00e1 una donaci\u00f3n de insumos para atender las necesidades del lugar, entre las que destacan, dispensadores de jab\u00f3n, vallas de acceso para delimitar los carriles de entrada y salida, haciendo respetar la sana distancia, dispensadores de gel antibacterial, adem\u00e1s de garantizar el agua para el lavado de manos de los visitantes.&nbsp;<\/p>\n\n\n\n<p>Prestadores de servicios y comerciantes se han organizar\u00e1n para donar el material y de esta manera poder llevar a cabo los trabajos de rehabilitaci\u00f3n de los ba\u00f1os de la zona arqueol\u00f3gica, ya que este era uno de los puntos por los cuales permanece cerrada.<\/p>\n\n\n\n<p>Tambi\u00e9n se aclar\u00f3 que habr\u00e1 una rehabilitaci\u00f3n de la estructura hidr\u00e1ulica, con la finalidad de que se cumpla con el abastecimiento del agua.<\/p>\n\n\n\n<p>Se espera que los trabajos est\u00e9n concluidos en un tiempo aproximado de quince d\u00edas para de esta manera poder aperturar la zona arqueol\u00f3gica y recibir al turismo nacional e internacional.<\/p>\n","protected":false},"excerpt":{"rendered":"<p>*Rehabilitar\u00e1n ba\u00f1os e infraestructura hidr\u00e1ulica. Alejandro \u00c1vila Veracruz, Ver.- Finalmente y despu\u00e9s de m\u00e1s de un a\u00f1o de permanecer cerrada la zona arqueol\u00f3gica de El Taj\u00edn, \u00e9sta podr\u00eda abrir sus puertas al p\u00fablico tras un acuerdo entre la administraci\u00f3n y los prestadores de servicio. Fue el alcalde de Papantla, Mariano Romero Gonz\u00e1lez quien gestion\u00f3 la [&hellip;]<\/p>\n","protected":false},"author":1,"featured_media":15864,"comment_status":"open","ping_status":"open","sticky":false,"template":"","format":"standard","meta":{"_jetpack_memberships_contains_paid_content":false,"footnotes":""},"categories":[2],"tags":[],"class_list":["post-15863","post","type-post","status-publish","format-standard","has-post-thumbnail","hentry","category-estado"],"jetpack_featured_media_url":"https:\/\/encuentroinformativo.com.mx\/wp-content\/uploads\/2021\/06\/88CC40E8-9AC7-4E08-82DC-80D55B63AE75.jpeg","jetpack_sharing_enabled":true,"jetpack_likes_enabled":true,"amp_enabled":true,"_links":{"self":[{"href":"https:\/\/encuentroinformativo.com.mx\/index.php?rest_route=\/wp\/v2\/posts\/15863","targetHints":{"allow":["GET"]}}],"collection":[{"href":"https:\/\/encuentroinformativo.com.mx\/index.php?rest_route=\/wp\/v2\/posts"}],"about":[{"href":"https:\/\/encuentroinformativo.com.mx\/index.php?rest_route=\/wp\/v2\/types\/post"}],"author":[{"embeddable":true,"href":"https:\/\/encuentroinformativo.com.mx\/index.php?rest_route=\/wp\/v2\/users\/1"}],"replies":[{"embeddable":true,"href":"https:\/\/encuentroinformativo.com.mx\/index.php?rest_route=%2Fwp%2Fv2%2Fcomments&post=15863"}],"version-history":[{"count":1,"href":"https:\/\/encuentroinformativo.com.mx\/index.php?rest_route=\/wp\/v2\/posts\/15863\/revisions"}],"predecessor-version":[{"id":15865,"href":"https:\/\/encuentroinformativo.com.mx\/index.php?rest_route=\/wp\/v2\/posts\/15863\/revisions\/15865"}],"wp:featuredmedia":[{"embeddable":true,"href":"https:\/\/encuentroinformativo.com.mx\/index.php?rest_route=\/wp\/v2\/media\/15864"}],"wp:attachment":[{"href":"https:\/\/encuentroinformativo.com.mx\/index.php?rest_route=%2Fwp%2Fv2%2Fmedia&parent=15863"}],"wp:term":[{"taxonomy":"category","embeddable":true,"href":"https:\/\/encuentroinformativo.com.mx\/index.php?rest_route=%2Fwp%2Fv2%2Fcategories&post=15863"},{"taxonomy":"post_tag","embeddable":true,"href":"https:\/\/encuentroinformativo.com.mx\/index.php?rest_route=%2Fwp%2Fv2%2Ftags&post=15863"}],"curies":[{"name":"wp","href":"https:\/\/api.w.org\/{rel}","templated":true}]}}