{"id":15870,"date":"2021-06-30T11:30:10","date_gmt":"2021-06-30T16:30:10","guid":{"rendered":"https:\/\/encuentroinformativo.com.mx\/?p=15870"},"modified":"2021-06-30T11:30:13","modified_gmt":"2021-06-30T16:30:13","slug":"se-suman-a-marcha-papas-de-ninos-con-cancer-reclaman-medicamentos","status":"publish","type":"post","link":"https:\/\/encuentroinformativo.com.mx\/?p=15870","title":{"rendered":"Se suman a marcha, pap\u00e1s de ni\u00f1os con c\u00e1ncer reclaman medicamentos"},"content":{"rendered":"\n<p><strong>Juan Arcos<\/strong><\/p>\n\n\n\n<p>Xalapa, Ver.- Decenas de mam\u00e1s, pap\u00e1s y otros familiares de ni\u00f1as y ni\u00f1os con c\u00e1ncer protestaron y marcharon en la capital del estado para exigir el abasto de medicamentos para quimioterapias en hospitales de la entidad.<\/p>\n\n\n\n<p>Las personas se concentraron afuera del Centro Estatal de Cancerolog\u00eda \u201cDoctor Miguel Dorantes Mesa\u201d, ubicado sobre la\u00a0<a href=\"https:\/\/www.google.com\/maps\/search\/calle+Soconusco+n%C3%BAmero+31?entry=gmail&amp;source=g\">calle Soconusco n\u00famero 31<\/a>, en la colonia Aguacatal de esta ciudad.<\/p>\n\n\n\n<p>Portaban pancartas con diversos mensajes, como: \u201cel c\u00e1ncer no espera y no respeta edad, no hay quimios\u201d, \u201cmi hijo tiene c\u00e1ncer y necesita sus quimioterapias\u201d y \u201csomos padres con ni\u00f1os con c\u00e1ncer, necesitamos quimios\u201d.<\/p>\n\n\n\n<p>Los quejosos caminaron varios kil\u00f3metros desde dicho punto hasta Palacio de Gobierno, donde cerraron la calle Juan de la Luz Enr\u00edquez, durante varios minutos.\u00a0<\/p>\n\n\n\n<p>De acuerdo con Karla Arias, madre de una peque\u00f1a con c\u00e1ncer, son m\u00e1s de 100 menores que carecen de quimioterapias en el Cecan, problema que han padecido, de manera constante, desde hace dos a\u00f1os.<\/p>\n\n\n\n<p>La entrevistada detall\u00f3 que en dicho centro de salud ni siquiera hay camas suficientes para los pacientes, pues s\u00f3lo el 20 por ciento cuenta con dicho beneficio.<\/p>\n\n\n\n<p>\u201cEs cansado porque hay ni\u00f1os que se quedan internados desde cinco d\u00edas hasta meses, luego nada m\u00e1s viene la mam\u00e1 a cuidarlos\u201d.\u00a0<\/p>\n\n\n\n<p>La se\u00f1ora indic\u00f3 que, en su caso, ha tenido que costear algunos medicamentos para salvar la vida de su hija.<\/p>\n\n\n\n<p>\u201cLa mayor\u00eda de los pap\u00e1s hemos tenido que costear el medicamento o ir a las asociaciones civiles y, cuando no hay, tenemos que costearlos\u201d.<\/p>\n\n\n\n<p>Cabe mencionar que tambi\u00e9n hubo protestas de pap\u00e1s de ni\u00f1os con c\u00e1ncer en el puerto de Veracruz y en distintos puntos del pa\u00eds por el desabasto de medicamentos que se ha registrado a nivel nacional.<\/p>\n\n\n\n<figure class=\"wp-block-image size-large\"><img loading=\"lazy\" decoding=\"async\" width=\"1024\" height=\"768\" src=\"https:\/\/encuentroinformativo.com.mx\/wp-content\/uploads\/2021\/06\/F8EA1AC8-EE6F-4E45-B62E-27D21F30DE54-1024x768.jpeg\" alt=\"\" class=\"wp-image-15872\" srcset=\"https:\/\/encuentroinformativo.com.mx\/wp-content\/uploads\/2021\/06\/F8EA1AC8-EE6F-4E45-B62E-27D21F30DE54-1024x768.jpeg 1024w, https:\/\/encuentroinformativo.com.mx\/wp-content\/uploads\/2021\/06\/F8EA1AC8-EE6F-4E45-B62E-27D21F30DE54-300x225.jpeg 300w, https:\/\/encuentroinformativo.com.mx\/wp-content\/uploads\/2021\/06\/F8EA1AC8-EE6F-4E45-B62E-27D21F30DE54-768x576.jpeg 768w, https:\/\/encuentroinformativo.com.mx\/wp-content\/uploads\/2021\/06\/F8EA1AC8-EE6F-4E45-B62E-27D21F30DE54-1536x1152.jpeg 1536w, https:\/\/encuentroinformativo.com.mx\/wp-content\/uploads\/2021\/06\/F8EA1AC8-EE6F-4E45-B62E-27D21F30DE54.jpeg 2016w\" sizes=\"auto, (max-width: 1024px) 100vw, 1024px\" \/><\/figure>\n","protected":false},"excerpt":{"rendered":"<p>Juan Arcos Xalapa, Ver.- Decenas de mam\u00e1s, pap\u00e1s y otros familiares de ni\u00f1as y ni\u00f1os con c\u00e1ncer protestaron y marcharon en la capital del estado para exigir el abasto de medicamentos para quimioterapias en hospitales de la entidad. Las personas se concentraron afuera del Centro Estatal de Cancerolog\u00eda \u201cDoctor Miguel Dorantes Mesa\u201d, ubicado sobre la\u00a0calle [&hellip;]<\/p>\n","protected":false},"author":1,"featured_media":15871,"comment_status":"open","ping_status":"open","sticky":false,"template":"","format":"standard","meta":{"_jetpack_memberships_contains_paid_content":false,"footnotes":""},"categories":[9],"tags":[],"class_list":["post-15870","post","type-post","status-publish","format-standard","has-post-thumbnail","hentry","category-salud"],"jetpack_featured_media_url":"https:\/\/encuentroinformativo.com.mx\/wp-content\/uploads\/2021\/06\/69A1BB6C-FB09-4F06-B93C-209575CA82B5.jpeg","jetpack_sharing_enabled":true,"jetpack_likes_enabled":true,"amp_enabled":true,"_links":{"self":[{"href":"https:\/\/encuentroinformativo.com.mx\/index.php?rest_route=\/wp\/v2\/posts\/15870","targetHints":{"allow":["GET"]}}],"collection":[{"href":"https:\/\/encuentroinformativo.com.mx\/index.php?rest_route=\/wp\/v2\/posts"}],"about":[{"href":"https:\/\/encuentroinformativo.com.mx\/index.php?rest_route=\/wp\/v2\/types\/post"}],"author":[{"embeddable":true,"href":"https:\/\/encuentroinformativo.com.mx\/index.php?rest_route=\/wp\/v2\/users\/1"}],"replies":[{"embeddable":true,"href":"https:\/\/encuentroinformativo.com.mx\/index.php?rest_route=%2Fwp%2Fv2%2Fcomments&post=15870"}],"version-history":[{"count":1,"href":"https:\/\/encuentroinformativo.com.mx\/index.php?rest_route=\/wp\/v2\/posts\/15870\/revisions"}],"predecessor-version":[{"id":15873,"href":"https:\/\/encuentroinformativo.com.mx\/index.php?rest_route=\/wp\/v2\/posts\/15870\/revisions\/15873"}],"wp:featuredmedia":[{"embeddable":true,"href":"https:\/\/encuentroinformativo.com.mx\/index.php?rest_route=\/wp\/v2\/media\/15871"}],"wp:attachment":[{"href":"https:\/\/encuentroinformativo.com.mx\/index.php?rest_route=%2Fwp%2Fv2%2Fmedia&parent=15870"}],"wp:term":[{"taxonomy":"category","embeddable":true,"href":"https:\/\/encuentroinformativo.com.mx\/index.php?rest_route=%2Fwp%2Fv2%2Fcategories&post=15870"},{"taxonomy":"post_tag","embeddable":true,"href":"https:\/\/encuentroinformativo.com.mx\/index.php?rest_route=%2Fwp%2Fv2%2Ftags&post=15870"}],"curies":[{"name":"wp","href":"https:\/\/api.w.org\/{rel}","templated":true}]}}