{"id":15874,"date":"2021-06-30T12:56:32","date_gmt":"2021-06-30T17:56:32","guid":{"rendered":"https:\/\/encuentroinformativo.com.mx\/?p=15874"},"modified":"2021-06-30T12:56:36","modified_gmt":"2021-06-30T17:56:36","slug":"lopez-gatell-nos-puso-en-el-mapa-madres-de-ninos-de-hospital-infantil","status":"publish","type":"post","link":"https:\/\/encuentroinformativo.com.mx\/?p=15874","title":{"rendered":"L\u00f3pez Gatell nos puso en el mapa, madres de ni\u00f1os de Hospital Infantil"},"content":{"rendered":"\n<p><strong>Alejandro \u00c1vila<\/strong><\/p>\n\n\n\n<p>Veracruz, Ver.- Las declaraciones hechas por el sub secretario de Salud Federal, Hugo L\u00f3pez Gatell, quien asegur\u00f3 que las protestas a nivel nacional por la falta de medicamento oncol\u00f3gico, primero molestaron a las madres, pero despu\u00e9s consideraron fue beneficioso, pues ahora todo el pa\u00eds sabe existe este problema, declar\u00f3 Yunuet Yasm\u00edn Segovia Garc\u00eda.<\/p>\n\n\n\n<p>Este miercoles por la ma\u00f1ana, madres de peque\u00f1os con c\u00e1ncer, a quienes les faltan medicamentos para sus tratamientos de quimioterapia, marcharon en Veracruz puerto, desde el Palacio Municipal hac\u00eda el Hospital Infantil, donde al llegar bloquearon la avenida 20 de noviembre.<\/p>\n\n\n\n<p>&#8220;En un principio estaba molesta, porque yo creo que no sabe sobre el tema pese a que \u00e9l es secretario de Salud, osea deber\u00edamos tener su apoyo, pero yo creo que no es as\u00ed. Ya ahorita yo creo que fue algo bueno que opinara sobre el tema porque nos puso m\u00e1s en el mapa, puso que el tema existe, que est\u00e1 el problema, tristemente no lo quieren solucionar, porque nos comentaron que ya estaba la compra de los medicamentos de este a\u00f1o del 2021, de junio de 2021 a junio del 2022, pero no se ve&#8221;, refut\u00f3.<\/p>\n\n\n\n<p>Esta protesta, que fue convocada por las veracruzanas, se replic\u00f3 en ciudades como Xalapa, Canc\u00fan, Yucat\u00e1n , Ciudad de M\u00e9xico -en el aeropuerto internacional- por la ma\u00f1ana; mientras que en Guadalajara se har\u00e1 a las 16 horas de este miercoles.<\/p>\n\n\n\n<p>Tan solo en Veracruz puerto, son al menos 60 peque\u00f1os quienes no reciben su tratamiento oncol\u00f3gico de manera periodica por el desabasto de medicamento desde el mes de octubre del 2020; estos, han logrado sobrevivir, gracias a la ayuda de Asociaciones Civiles como AMANC y Nariz Roja, quienes de manera alterna les consiguen algunos quimicos para no recaer en la enfermedad.<\/p>\n\n\n\n<p>Apenas hace unos d\u00edas, el alcalde de Veracruz, Fernando Yunes M\u00e1rquez solicit\u00f3 el permiso de las Secretar\u00eda de Salud Estatal y Federal, para que el Ayuntamiento pudiera aportar con algo de medicamentos, a fin de no complicar la enfermedad de los peque\u00f1os, que en caso de no recibir su dosis en el tiempo adecuado, podr\u00edan perder la vida.<\/p>\n\n\n\n<figure class=\"wp-block-image size-large\"><img loading=\"lazy\" decoding=\"async\" width=\"739\" height=\"401\" src=\"https:\/\/encuentroinformativo.com.mx\/wp-content\/uploads\/2021\/06\/D51C64A4-C2C5-4446-A457-310485338766.jpeg\" alt=\"\" class=\"wp-image-15876\" srcset=\"https:\/\/encuentroinformativo.com.mx\/wp-content\/uploads\/2021\/06\/D51C64A4-C2C5-4446-A457-310485338766.jpeg 739w, https:\/\/encuentroinformativo.com.mx\/wp-content\/uploads\/2021\/06\/D51C64A4-C2C5-4446-A457-310485338766-300x163.jpeg 300w\" sizes=\"auto, (max-width: 739px) 100vw, 739px\" \/><\/figure>\n","protected":false},"excerpt":{"rendered":"<p>Alejandro \u00c1vila Veracruz, Ver.- Las declaraciones hechas por el sub secretario de Salud Federal, Hugo L\u00f3pez Gatell, quien asegur\u00f3 que las protestas a nivel nacional por la falta de medicamento oncol\u00f3gico, primero molestaron a las madres, pero despu\u00e9s consideraron fue beneficioso, pues ahora todo el pa\u00eds sabe existe este problema, declar\u00f3 Yunuet Yasm\u00edn Segovia Garc\u00eda. [&hellip;]<\/p>\n","protected":false},"author":1,"featured_media":15875,"comment_status":"open","ping_status":"open","sticky":false,"template":"","format":"standard","meta":{"_jetpack_memberships_contains_paid_content":false,"footnotes":""},"categories":[9],"tags":[],"class_list":["post-15874","post","type-post","status-publish","format-standard","has-post-thumbnail","hentry","category-salud"],"jetpack_featured_media_url":"https:\/\/encuentroinformativo.com.mx\/wp-content\/uploads\/2021\/06\/1EF3587D-E24B-4D12-B759-E35F7CEE07E0.jpeg","jetpack_sharing_enabled":true,"jetpack_likes_enabled":true,"amp_enabled":true,"_links":{"self":[{"href":"https:\/\/encuentroinformativo.com.mx\/index.php?rest_route=\/wp\/v2\/posts\/15874","targetHints":{"allow":["GET"]}}],"collection":[{"href":"https:\/\/encuentroinformativo.com.mx\/index.php?rest_route=\/wp\/v2\/posts"}],"about":[{"href":"https:\/\/encuentroinformativo.com.mx\/index.php?rest_route=\/wp\/v2\/types\/post"}],"author":[{"embeddable":true,"href":"https:\/\/encuentroinformativo.com.mx\/index.php?rest_route=\/wp\/v2\/users\/1"}],"replies":[{"embeddable":true,"href":"https:\/\/encuentroinformativo.com.mx\/index.php?rest_route=%2Fwp%2Fv2%2Fcomments&post=15874"}],"version-history":[{"count":1,"href":"https:\/\/encuentroinformativo.com.mx\/index.php?rest_route=\/wp\/v2\/posts\/15874\/revisions"}],"predecessor-version":[{"id":15877,"href":"https:\/\/encuentroinformativo.com.mx\/index.php?rest_route=\/wp\/v2\/posts\/15874\/revisions\/15877"}],"wp:featuredmedia":[{"embeddable":true,"href":"https:\/\/encuentroinformativo.com.mx\/index.php?rest_route=\/wp\/v2\/media\/15875"}],"wp:attachment":[{"href":"https:\/\/encuentroinformativo.com.mx\/index.php?rest_route=%2Fwp%2Fv2%2Fmedia&parent=15874"}],"wp:term":[{"taxonomy":"category","embeddable":true,"href":"https:\/\/encuentroinformativo.com.mx\/index.php?rest_route=%2Fwp%2Fv2%2Fcategories&post=15874"},{"taxonomy":"post_tag","embeddable":true,"href":"https:\/\/encuentroinformativo.com.mx\/index.php?rest_route=%2Fwp%2Fv2%2Ftags&post=15874"}],"curies":[{"name":"wp","href":"https:\/\/api.w.org\/{rel}","templated":true}]}}