{"id":1588,"date":"2020-04-03T16:39:49","date_gmt":"2020-04-03T22:39:49","guid":{"rendered":"https:\/\/encuentroinformativo.com\/?p=1588"},"modified":"2020-04-03T16:39:51","modified_gmt":"2020-04-03T22:39:51","slug":"preocupa-ambiente-que-viven-periodistas-movimiento-popular","status":"publish","type":"post","link":"https:\/\/encuentroinformativo.com.mx\/?p=1588","title":{"rendered":"Preocupa ambiente que viven periodistas: Movimiento Popular"},"content":{"rendered":"\n<p><strong>Dar\u00edo Pale <\/strong><\/p>\n\n\n\n<p>Xalapa, Ver.- El dirigente nacional del Movimiento Popular Francisco Villa Arnulfo Reyes Cruz (El Vaquero), en un video mensaje se solidariz\u00f3 con los reporteros de Papantla debido a los acontecimientos que se registraron en los d\u00edas pasado, por lo que s\u00ed no pueden las autoridades con esto que renuncien.<\/p>\n\n\n\n<p>Se dijo preocupado por la situaci\u00f3n que se est\u00e1 dando en Xalapa, Papantla, Veracruz y Boca del R\u00edo donde los periodistas son asesinados y levantados y desafortunadamente el gobernador de estado no est\u00e1 haciendo nada por los periodistas.<\/p>\n\n\n\n<p>Se\u00f1al\u00f3 que desde la \u00e9poca de Javier Duarte hasta esta fecha no se haya hecho nada para poder ayuda a los reporteros, por lo que es una l\u00e1stima que el gobierno del estado no de el ancho y la encargada de la fiscal\u00eda en el gobierno de Veracruz y si no pueden que renuncien.<\/p>\n\n\n\n<p>En otro orden de ideas en otro video dirigido a sus agremiados se\u00f1al\u00f3 que Edgar Acevedo D\u00edas y su hermano Sixto Acevedo se dedicaron a defraudar gentes de la zona las m\u00e1s necesitadas sin reportar los recursos a la organizaci\u00f3n y ellos no son c\u00f3mplices de ning\u00fan delincuente.<\/p>\n\n\n\n<p>Por \u00faltimo invitaron a todos sus agremiados que fueron defraudados por estas personas que los denuncien ante la fiscal\u00eda de la Ciudad de M\u00e9xico para que escarmienten y va por m\u00e1s defraudadores.<\/p>\n\n\n\n<p><\/p>\n","protected":false},"excerpt":{"rendered":"<p>Dar\u00edo Pale Xalapa, Ver.- El dirigente nacional del Movimiento Popular Francisco Villa Arnulfo Reyes Cruz (El Vaquero), en un video mensaje se solidariz\u00f3 con los reporteros de Papantla debido a los acontecimientos que se registraron en los d\u00edas pasado, por lo que s\u00ed no pueden las autoridades con esto que renuncien. Se dijo preocupado por [&hellip;]<\/p>\n","protected":false},"author":1,"featured_media":1589,"comment_status":"open","ping_status":"open","sticky":false,"template":"","format":"standard","meta":{"_jetpack_memberships_contains_paid_content":false,"footnotes":""},"categories":[2],"tags":[],"class_list":["post-1588","post","type-post","status-publish","format-standard","has-post-thumbnail","hentry","category-estado"],"jetpack_featured_media_url":"https:\/\/encuentroinformativo.com.mx\/wp-content\/uploads\/2020\/04\/C892B434-CE9A-42F2-85DA-D17D11F8107A.jpeg","jetpack_sharing_enabled":true,"jetpack_likes_enabled":true,"amp_enabled":true,"_links":{"self":[{"href":"https:\/\/encuentroinformativo.com.mx\/index.php?rest_route=\/wp\/v2\/posts\/1588","targetHints":{"allow":["GET"]}}],"collection":[{"href":"https:\/\/encuentroinformativo.com.mx\/index.php?rest_route=\/wp\/v2\/posts"}],"about":[{"href":"https:\/\/encuentroinformativo.com.mx\/index.php?rest_route=\/wp\/v2\/types\/post"}],"author":[{"embeddable":true,"href":"https:\/\/encuentroinformativo.com.mx\/index.php?rest_route=\/wp\/v2\/users\/1"}],"replies":[{"embeddable":true,"href":"https:\/\/encuentroinformativo.com.mx\/index.php?rest_route=%2Fwp%2Fv2%2Fcomments&post=1588"}],"version-history":[{"count":1,"href":"https:\/\/encuentroinformativo.com.mx\/index.php?rest_route=\/wp\/v2\/posts\/1588\/revisions"}],"predecessor-version":[{"id":1590,"href":"https:\/\/encuentroinformativo.com.mx\/index.php?rest_route=\/wp\/v2\/posts\/1588\/revisions\/1590"}],"wp:featuredmedia":[{"embeddable":true,"href":"https:\/\/encuentroinformativo.com.mx\/index.php?rest_route=\/wp\/v2\/media\/1589"}],"wp:attachment":[{"href":"https:\/\/encuentroinformativo.com.mx\/index.php?rest_route=%2Fwp%2Fv2%2Fmedia&parent=1588"}],"wp:term":[{"taxonomy":"category","embeddable":true,"href":"https:\/\/encuentroinformativo.com.mx\/index.php?rest_route=%2Fwp%2Fv2%2Fcategories&post=1588"},{"taxonomy":"post_tag","embeddable":true,"href":"https:\/\/encuentroinformativo.com.mx\/index.php?rest_route=%2Fwp%2Fv2%2Ftags&post=1588"}],"curies":[{"name":"wp","href":"https:\/\/api.w.org\/{rel}","templated":true}]}}