{"id":15889,"date":"2021-06-30T15:10:26","date_gmt":"2021-06-30T20:10:26","guid":{"rendered":"https:\/\/encuentroinformativo.com.mx\/?p=15889"},"modified":"2021-06-30T15:10:30","modified_gmt":"2021-06-30T20:10:30","slug":"emiten-convocatoria-para-renovar-rectoria-uv","status":"publish","type":"post","link":"https:\/\/encuentroinformativo.com.mx\/?p=15889","title":{"rendered":"Emiten convocatoria para renovar rector\u00eda UV"},"content":{"rendered":"\n<p><strong>Dar\u00edo Pale<\/strong><\/p>\n\n\n\n<p>Xalapa, Ver.- Este d\u00eda la Junta de Gobierno de la UV emiti\u00f3 la convocatoria para la designaci\u00f3n de rector o rectora, y para participar en el proceso de designaci\u00f3n por el periodo de septiembre de 2021 a agosto de 2025.<\/p>\n\n\n\n<p>Por medio de una publicaci\u00f3n en la p\u00e1gina de la UV dan a conocer que a partir de este momento y hasta las 18:00 horas del 9 de julio, la comunidad universitaria podr\u00e1 realizar propuestas de aspirantes a ocupar el cargo, present\u00e1ndolas en forma individual o colectiva.<\/p>\n\n\n\n<p>Esta puede ser sin l\u00edmite de personas, siempre y cuando tengan identificaci\u00f3n de la UV vigente, y considerando que s\u00f3lo dos personas podr\u00e1n acompa\u00f1ar al o a la aspirante a realizar el registro, y la persona que se registre como aspirante a la Rector\u00eda deber\u00e1 cumplir con los siguientes requisitos:<\/p>\n\n\n\n<p>Haber sido propuesta por al menos un integrante de la comunidad universitaria; presentar por escrito una solicitud de inscripci\u00f3n como aspirante, dirigida a la Junta de Gobierno debidamente firmada; presentar acta de nacimiento; presentar constancia emitida por una autoridad acad\u00e9mico-administrativa, en la que se haga constar la instituci\u00f3n y la entidad en las que la persona interesada ha prestado sus servicios de docencia, de investigaci\u00f3n y\/o de difusi\u00f3n de la cultura y extensi\u00f3n de los servicios, preferentemente en la UV.<\/p>\n\n\n\n<p>Asimismo, el n\u00famero de a\u00f1os de servicio y la actividad principal que ha desempe\u00f1ado, con un m\u00ednimo de 5 a\u00f1os de experiencia \u00a0acad\u00e9mica; presentar su curr\u00edculum vitae en extenso, con la documentaci\u00f3n comprobatoria, que incluya: 1. formaci\u00f3n y desempe\u00f1o acad\u00e9micos; 2. producci\u00f3n acad\u00e9mica (publicaciones, docencia, formaci\u00f3n de recursos humanos, registro de propiedad intelectual, entre otros).<br>De la misma manera, experiencia acad\u00e9mico-administrativa y trabajo colegiado o colaborativo realizado; premios y distinciones recibidas; presentar t\u00edtulo profesional de licenciatura y c\u00e9dula profesional (en el caso de las profesiones que la requieran para su ejercicio).<\/p>\n\n\n\n<p>La convocatoria define que la auscultaci\u00f3n a la comunidad universitaria ser\u00e1 directa y en l\u00ednea, debido a la situaci\u00f3n extraordinaria suscitada por la pandemia de COVID-19, la Junta observar\u00e1 el calendario epidemiol\u00f3gico del Estado y, de no ser posible la auscultaci\u00f3n presencial, la modalidad se cambiar\u00e1 a entrevistas por videoconferencia o bajo una modalidad mixta, en el horario establecido para la auscultaci\u00f3n directa, seg\u00fan los criterios se\u00f1alados para su consulta en la plataforma.\u00a0Ser\u00e1 el d\u00eda 23 de agosto, a las 18:00 horas y a trav\u00e9s de la Plataforma y los otros medios cuando la Junta informar\u00e1 a la comunidad universitaria los nombres de las candidatas y los candidatos al cargo de rector o rectora.\u00a0por \u00faltimo las candidatas y los candidatos deber\u00e1n hacer una presentaci\u00f3n p\u00fablica de sus propuestas de trabajo el d\u00eda 24 de agosto, a las 11:00 horas, en la p\u00e9rgola del Museo de Antropolog\u00eda en la ciudad de Xalapa y de conformidad con las indicaciones que se les den a conocer.<\/p>\n","protected":false},"excerpt":{"rendered":"<p>Dar\u00edo Pale Xalapa, Ver.- Este d\u00eda la Junta de Gobierno de la UV emiti\u00f3 la convocatoria para la designaci\u00f3n de rector o rectora, y para participar en el proceso de designaci\u00f3n por el periodo de septiembre de 2021 a agosto de 2025. Por medio de una publicaci\u00f3n en la p\u00e1gina de la UV dan a [&hellip;]<\/p>\n","protected":false},"author":1,"featured_media":15890,"comment_status":"open","ping_status":"open","sticky":false,"template":"","format":"standard","meta":{"_jetpack_memberships_contains_paid_content":false,"footnotes":""},"categories":[2],"tags":[],"class_list":["post-15889","post","type-post","status-publish","format-standard","has-post-thumbnail","hentry","category-estado"],"jetpack_featured_media_url":"https:\/\/encuentroinformativo.com.mx\/wp-content\/uploads\/2021\/06\/F2DE0A9E-C276-44DC-BA62-83B4D4660942.jpeg","jetpack_sharing_enabled":true,"jetpack_likes_enabled":true,"amp_enabled":true,"_links":{"self":[{"href":"https:\/\/encuentroinformativo.com.mx\/index.php?rest_route=\/wp\/v2\/posts\/15889","targetHints":{"allow":["GET"]}}],"collection":[{"href":"https:\/\/encuentroinformativo.com.mx\/index.php?rest_route=\/wp\/v2\/posts"}],"about":[{"href":"https:\/\/encuentroinformativo.com.mx\/index.php?rest_route=\/wp\/v2\/types\/post"}],"author":[{"embeddable":true,"href":"https:\/\/encuentroinformativo.com.mx\/index.php?rest_route=\/wp\/v2\/users\/1"}],"replies":[{"embeddable":true,"href":"https:\/\/encuentroinformativo.com.mx\/index.php?rest_route=%2Fwp%2Fv2%2Fcomments&post=15889"}],"version-history":[{"count":1,"href":"https:\/\/encuentroinformativo.com.mx\/index.php?rest_route=\/wp\/v2\/posts\/15889\/revisions"}],"predecessor-version":[{"id":15891,"href":"https:\/\/encuentroinformativo.com.mx\/index.php?rest_route=\/wp\/v2\/posts\/15889\/revisions\/15891"}],"wp:featuredmedia":[{"embeddable":true,"href":"https:\/\/encuentroinformativo.com.mx\/index.php?rest_route=\/wp\/v2\/media\/15890"}],"wp:attachment":[{"href":"https:\/\/encuentroinformativo.com.mx\/index.php?rest_route=%2Fwp%2Fv2%2Fmedia&parent=15889"}],"wp:term":[{"taxonomy":"category","embeddable":true,"href":"https:\/\/encuentroinformativo.com.mx\/index.php?rest_route=%2Fwp%2Fv2%2Fcategories&post=15889"},{"taxonomy":"post_tag","embeddable":true,"href":"https:\/\/encuentroinformativo.com.mx\/index.php?rest_route=%2Fwp%2Fv2%2Ftags&post=15889"}],"curies":[{"name":"wp","href":"https:\/\/api.w.org\/{rel}","templated":true}]}}