{"id":15892,"date":"2021-06-30T15:25:20","date_gmt":"2021-06-30T20:25:20","guid":{"rendered":"https:\/\/encuentroinformativo.com.mx\/?p=15892"},"modified":"2021-06-30T15:25:24","modified_gmt":"2021-06-30T20:25:24","slug":"celebra-colectivo-canabico-determinacion-de-suprema-corte","status":"publish","type":"post","link":"https:\/\/encuentroinformativo.com.mx\/?p=15892","title":{"rendered":"Celebra Colectivo Can\u00e1bico determinaci\u00f3n de Suprema Corte"},"content":{"rendered":"\n<p><strong>Juan Arcos<\/strong><\/p>\n\n\n\n<p>Xalapa, Ver.- Integrantes del Colectivo Can\u00e1bico Interdisciplinario de Xalapa se pronunciaron a favor de que la Suprema Corte de Justicia de la Naci\u00f3n (SCJN) considerara \u201cinconstitucional\u201d que la Ley General de Salud limitara el uso l\u00fadico y recreativo de la marihuana.<\/p>\n\n\n\n<p>De acuerdo con la representante del colectivo mencionado, Mar\u00eda Fernanda Alpizar, se trata de un acontecimiento que quedar\u00e1 grabado en la historia de la Rep\u00fablica Mexicana.<\/p>\n\n\n\n<p>\u201cTuvimos una resoluci\u00f3n a favor de nuestros derechos y fueron ocho votos a favor, tres votos en contra, estamos muy contentos porque es el primer gran paso para poder seguir adelante con toda la cuesti\u00f3n que engloba el derecho tanto l\u00fadico como los dem\u00e1s que todav\u00eda est\u00e1n por estudiarse\u201d, expres\u00f3.<\/p>\n\n\n\n<p>En ese sentido, coment\u00f3 que ahora depender\u00e1 del Congreso de la Uni\u00f3n crear una regulaci\u00f3n para despenalizar el uso de la planta. Adem\u00e1s de que la Comisi\u00f3n Federal para la Protecci\u00f3n contra Riesgos Sanitarios (Cofepris) deber\u00e1 aplicar los lineamientos correspondientes.<\/p>\n\n\n\n<p>\u201cSe nos est\u00e1 diciendo que es ilegal la prohibici\u00f3n absoluta, entonces nosotros vamos a hacer una labor de apoyo\u201d, agreg\u00f3.\u00a0<\/p>\n\n\n\n<p>Record\u00f3 que a\u00fan es penalizada la comercializaci\u00f3n, el cultivo irregular, tr\u00e1fico, narcomenudeo, suministro y la importaci\u00f3n de la cannabis.<\/p>\n\n\n\n<p>\u201cComo representante de la comunidad urbana me funciona mucho haber conocido al colectivo, las pl\u00e1ticas, los talleres y los eventos que se organizan con el colectivo a la comunidad urbana nos sirven mucho para acceder a la informaci\u00f3n, muchas veces no tenemos claros cu\u00e1les son nuestros derechos qu\u00e9 cosas podemos hacer, cu\u00e1les no, entonces esa es la parte en la que a m\u00ed me ha funcionado en lo personal\u201d.<\/p>\n\n\n\n<p>Cabe recordar que el pasado lunes 28 de junio, la SCJN, con el voto a favor de ocho de los 11 ministros, declar\u00f3 inconstitucional que fuese limitado el uso l\u00fadico de la marihuana.<\/p>\n","protected":false},"excerpt":{"rendered":"<p>Juan Arcos Xalapa, Ver.- Integrantes del Colectivo Can\u00e1bico Interdisciplinario de Xalapa se pronunciaron a favor de que la Suprema Corte de Justicia de la Naci\u00f3n (SCJN) considerara \u201cinconstitucional\u201d que la Ley General de Salud limitara el uso l\u00fadico y recreativo de la marihuana. De acuerdo con la representante del colectivo mencionado, Mar\u00eda Fernanda Alpizar, se [&hellip;]<\/p>\n","protected":false},"author":1,"featured_media":15893,"comment_status":"open","ping_status":"open","sticky":false,"template":"","format":"standard","meta":{"_jetpack_memberships_contains_paid_content":false,"footnotes":""},"categories":[9],"tags":[],"class_list":["post-15892","post","type-post","status-publish","format-standard","has-post-thumbnail","hentry","category-salud"],"jetpack_featured_media_url":"https:\/\/encuentroinformativo.com.mx\/wp-content\/uploads\/2021\/06\/7BFF5A8C-9EC4-404E-A39B-FD7D6C6801D6.jpeg","jetpack_sharing_enabled":true,"jetpack_likes_enabled":true,"amp_enabled":true,"_links":{"self":[{"href":"https:\/\/encuentroinformativo.com.mx\/index.php?rest_route=\/wp\/v2\/posts\/15892","targetHints":{"allow":["GET"]}}],"collection":[{"href":"https:\/\/encuentroinformativo.com.mx\/index.php?rest_route=\/wp\/v2\/posts"}],"about":[{"href":"https:\/\/encuentroinformativo.com.mx\/index.php?rest_route=\/wp\/v2\/types\/post"}],"author":[{"embeddable":true,"href":"https:\/\/encuentroinformativo.com.mx\/index.php?rest_route=\/wp\/v2\/users\/1"}],"replies":[{"embeddable":true,"href":"https:\/\/encuentroinformativo.com.mx\/index.php?rest_route=%2Fwp%2Fv2%2Fcomments&post=15892"}],"version-history":[{"count":1,"href":"https:\/\/encuentroinformativo.com.mx\/index.php?rest_route=\/wp\/v2\/posts\/15892\/revisions"}],"predecessor-version":[{"id":15894,"href":"https:\/\/encuentroinformativo.com.mx\/index.php?rest_route=\/wp\/v2\/posts\/15892\/revisions\/15894"}],"wp:featuredmedia":[{"embeddable":true,"href":"https:\/\/encuentroinformativo.com.mx\/index.php?rest_route=\/wp\/v2\/media\/15893"}],"wp:attachment":[{"href":"https:\/\/encuentroinformativo.com.mx\/index.php?rest_route=%2Fwp%2Fv2%2Fmedia&parent=15892"}],"wp:term":[{"taxonomy":"category","embeddable":true,"href":"https:\/\/encuentroinformativo.com.mx\/index.php?rest_route=%2Fwp%2Fv2%2Fcategories&post=15892"},{"taxonomy":"post_tag","embeddable":true,"href":"https:\/\/encuentroinformativo.com.mx\/index.php?rest_route=%2Fwp%2Fv2%2Ftags&post=15892"}],"curies":[{"name":"wp","href":"https:\/\/api.w.org\/{rel}","templated":true}]}}