{"id":15895,"date":"2021-06-30T17:28:50","date_gmt":"2021-06-30T22:28:50","guid":{"rendered":"https:\/\/encuentroinformativo.com.mx\/?p=15895"},"modified":"2021-06-30T17:28:54","modified_gmt":"2021-06-30T22:28:54","slug":"complicado-rescatar-sistema-lagunar-reconocen-autoridades","status":"publish","type":"post","link":"https:\/\/encuentroinformativo.com.mx\/?p=15895","title":{"rendered":"Complicado rescatar sistema lagunar, reconocen autoridades"},"content":{"rendered":"\n<p><strong>Alejandro \u00c1vila<\/strong><\/p>\n\n\n\n<p>Veracruz, Ver.- El director de Medio Ambiente del municipio de Veracruz, \u00c1ngel Capetillo Victoriano, reconoci\u00f3 que con recurso propio es imposible rescatar las 30 lagunas que pertenecen al Sistema Lagunar Intendunario Veracruz &#8211; La Antigua.<\/p>\n\n\n\n<p>Aclar\u00f3 que las lagunas son \u00c1reas Naturales Protegidas que est\u00e1n consideradas dentro del decreto del Sistema Lagunar Interdunario, y si bien 29 de ellas est\u00e1n a su resguardo (una de ellas en conjunto con La Antigua), su mantenimiento corresponde al Gobierno del Estado, concretamente a la Secretar\u00eda de Medio Ambiente (SEDEMA).<\/p>\n\n\n\n<p>&#8220;En esta administraci\u00f3n hemos exhortado a que se involucre m\u00e1s la Secretar\u00eda de Medio Ambiente, en la recuperaci\u00f3n de este Sistema Lagunar, hay pendiente un convenio de colaboraci\u00f3n entre las diversas dependencias de materia ambiental, para programar, una, la actualizaci\u00f3n del Plan de Manejo de cada una de ellas, que es distinto el de laguna &#8216;Patitos&#8217; con el de aguna &#8216;Lagartos&#8217;, y el de laguna &#8216;Lagartos&#8217; con el de laguna &#8216;Las Conchas&#8221;, subray\u00f3.<\/p>\n\n\n\n<p>El funcionario municipal dijo que el pasado 5 de junio se cumpli\u00f3 un a\u00f1o de la \u00faltima reuni\u00f3n que se tuvo con SEDEMA, quien se comprometio a hacer mesas de trabajo para preparar el rescate de cada una de ellas; sin embargo, es la fecha que siguen esperando dicho dialogo.<\/p>\n\n\n\n<p>Explic\u00f3 que de las lagunas que existen en Veracruz puerto, dos de ellas le compete su mantenimiento a la federaci\u00f3n, las cuales son laguna &#8220;Olmeca&#8221; y laguna &#8220;Lagartos&#8221;.<\/p>\n\n\n\n<p>&#8220;La falta de involucramiento de diversas autoridades, es lo que retrasa estos trabajos. Estos trabajos deben de ser permanente, le deben de dar precisamente, tener ese compromiso y tener tambi\u00e9n el entendido de que nos prestan un servicio ambiental muy importante, como es ahorita en \u00e9poca de lluvias el evitar inundaciones, que sirva como vaso regulador&#8221;, asest\u00f3.<\/p>\n\n\n\n<p>Capetillo Victoriano, recalc\u00f3 que 17 lagunas de Veracruz son sitio RAMSAR; es decir habitat de aves acu\u00e1ticas, debido a que la ciudad est\u00e1 dentro del paso migratorio de aves rapaces y de aves migratorias, volviendose as\u00ed un sitio importante para el desarrollo de estas especies.<\/p>\n\n\n\n<p>Finalmente, lament\u00f3 que con la desaparici\u00f3n del Fondo Ambiental Veracruzano, se truncaron las obras de dos proyectos importantes en la ciudad, como fue la rehabilitaci\u00f3n total de laguna &#8220;Lagartos&#8221; y laguna &#8220;El Encanto&#8221;.<\/p>\n","protected":false},"excerpt":{"rendered":"<p>Alejandro \u00c1vila Veracruz, Ver.- El director de Medio Ambiente del municipio de Veracruz, \u00c1ngel Capetillo Victoriano, reconoci\u00f3 que con recurso propio es imposible rescatar las 30 lagunas que pertenecen al Sistema Lagunar Intendunario Veracruz &#8211; La Antigua. Aclar\u00f3 que las lagunas son \u00c1reas Naturales Protegidas que est\u00e1n consideradas dentro del decreto del Sistema Lagunar Interdunario, [&hellip;]<\/p>\n","protected":false},"author":1,"featured_media":15896,"comment_status":"open","ping_status":"open","sticky":false,"template":"","format":"standard","meta":{"_jetpack_memberships_contains_paid_content":false,"footnotes":""},"categories":[2],"tags":[],"class_list":["post-15895","post","type-post","status-publish","format-standard","has-post-thumbnail","hentry","category-estado"],"jetpack_featured_media_url":"https:\/\/encuentroinformativo.com.mx\/wp-content\/uploads\/2021\/06\/9156CE51-F09A-41BB-894A-466F0AFF50C4.jpeg","jetpack_sharing_enabled":true,"jetpack_likes_enabled":true,"amp_enabled":true,"_links":{"self":[{"href":"https:\/\/encuentroinformativo.com.mx\/index.php?rest_route=\/wp\/v2\/posts\/15895","targetHints":{"allow":["GET"]}}],"collection":[{"href":"https:\/\/encuentroinformativo.com.mx\/index.php?rest_route=\/wp\/v2\/posts"}],"about":[{"href":"https:\/\/encuentroinformativo.com.mx\/index.php?rest_route=\/wp\/v2\/types\/post"}],"author":[{"embeddable":true,"href":"https:\/\/encuentroinformativo.com.mx\/index.php?rest_route=\/wp\/v2\/users\/1"}],"replies":[{"embeddable":true,"href":"https:\/\/encuentroinformativo.com.mx\/index.php?rest_route=%2Fwp%2Fv2%2Fcomments&post=15895"}],"version-history":[{"count":1,"href":"https:\/\/encuentroinformativo.com.mx\/index.php?rest_route=\/wp\/v2\/posts\/15895\/revisions"}],"predecessor-version":[{"id":15897,"href":"https:\/\/encuentroinformativo.com.mx\/index.php?rest_route=\/wp\/v2\/posts\/15895\/revisions\/15897"}],"wp:featuredmedia":[{"embeddable":true,"href":"https:\/\/encuentroinformativo.com.mx\/index.php?rest_route=\/wp\/v2\/media\/15896"}],"wp:attachment":[{"href":"https:\/\/encuentroinformativo.com.mx\/index.php?rest_route=%2Fwp%2Fv2%2Fmedia&parent=15895"}],"wp:term":[{"taxonomy":"category","embeddable":true,"href":"https:\/\/encuentroinformativo.com.mx\/index.php?rest_route=%2Fwp%2Fv2%2Fcategories&post=15895"},{"taxonomy":"post_tag","embeddable":true,"href":"https:\/\/encuentroinformativo.com.mx\/index.php?rest_route=%2Fwp%2Fv2%2Ftags&post=15895"}],"curies":[{"name":"wp","href":"https:\/\/api.w.org\/{rel}","templated":true}]}}