{"id":15901,"date":"2021-06-30T23:55:47","date_gmt":"2021-07-01T04:55:47","guid":{"rendered":"https:\/\/encuentroinformativo.com.mx\/?p=15901"},"modified":"2021-06-30T23:55:52","modified_gmt":"2021-07-01T04:55:52","slug":"observadores-electorales-pueden-ratificarse-para-consulta-popular","status":"publish","type":"post","link":"https:\/\/encuentroinformativo.com.mx\/?p=15901","title":{"rendered":"Observadores electorales pueden ratificarse para Consulta Popular"},"content":{"rendered":"\n<p>Xalapa, Ver.- Las\u00a0m\u00e1s de mil\u00a0personas\u00a0que\u00a0actualmente\u00a0est\u00e1n\u00a0acreditadas\u00a0en Veracruz\u00a0para\u00a0realizar labores\u00a0de\u00a0observaci\u00f3n\u00a0en el\u00a0Proceso\u00a0Electoral\u00a02020-2021\u00a0pueden\u00a0ratificar,\u00a0ante el\u00a0Instituto\u00a0Nacional Electoral\u00a0(INE),\u00a0su intenci\u00f3n de participar\u00a0como Observadoras y Observadores para la Consulta\u00a0Popular\u00a02021\u00a0que\u00a0tendr\u00e1 lugar el\u00a0pr\u00f3ximo\u00a01 de agosto, inform\u00f3 el\u00a0Vocal\u00a0Ejecutivo de\u00a0la Junta Local del INE en Veracruz, Josu\u00e9\u00a0Cervantes\u00a0Mart\u00ednez.<\/p>\n\n\n\n<p>\u201cEl\u00a0Consejo General del\u00a0INE\u00a0aprob\u00f3,\u00a0el pasado 18 de junio,\u00a0la Convocatoria\u00a0respectiva,\u00a0a\u00a0efecto que la ciudadan\u00eda\u00a0pueda participar\u00a0como observadora de la Consulta Popular.\u00a0Las y los interesados\u00a0s\u00f3lo deben\u00a0manifestar\u00a0su intenci\u00f3n\u00a0y\u00a0tomar\u00a0un curso de capacitaci\u00f3n,\u00a0de manera presencial o a trav\u00e9s de las plataformas virtuales\u00a0del Instituto\u201d,\u00a0expres\u00f3\u00a0Cervantes Mart\u00ednez.<\/p>\n\n\n\n<p>Aclar\u00f3\u00a0que las\u00a0veracruzanas y veracruzanos\u00a0que\u00a0no\u00a0participanen el Proceso Electoral 2020-2021,\u00a0pero est\u00e1n interesadas en\u00a0vigilar\u00a0los trabajos que realiza el INE para la Consulta\u00a0Popular, pueden\u00a0tramitar\u00a0tambi\u00e9n\u00a0su\u00a0acreditaci\u00f3n\u00a0como\u00a0Observadoras y Observadores.\u00a0El tr\u00e1mite\u00a0se puede realizar\u00a0ante la Junta\u00a0LocalEjecutiva\u00a0del INE\u00a0en Veracruz,\u00a0en alguna de\u00a0las 20 juntas distritales\u00a0o, en su caso,\u00a0en l\u00ednea a trav\u00e9s del portal p\u00fablico institucional,\u00a0el plazo vence\u00a0el 15 de julio de 2021.<\/p>\n\n\n\n<p>El Delegado Federal&nbsp;explic\u00f3 que, tanto la&nbsp;Convocatoria&nbsp;como&nbsp;sus anexos&nbsp;se pueden descargar del portal&nbsp;institucional. Los documentos requeridos son:&nbsp;solicitud&nbsp;de acreditaci\u00f3n en el formato correspondiente, dos fotograf\u00edas recientes tama\u00f1o infantil, copia de la credencial para votar&nbsp;y la solicitud de ratificaci\u00f3n, en su caso,&nbsp;para la ciudadan\u00eda acreditada como Observadora&nbsp;u Observador&nbsp;Electoral en el Proceso Electoral 2020-2021.<\/p>\n\n\n\n<p>Una\u00a0vez recibidas las solicitudes, el\u00a0INE\u00a0notificar\u00e1 a las y los interesados\u00a0las modalidades y fechas para que realicen el curso de\u00a0capacitaci\u00f3n respectivo.<\/p>\n\n\n\n<p>Posteriormente\u00a0y una vez que se cumplan con los requisitos,\u00a0los \u00f3rganos delegacionales y subdelegacionales\u00a0del INE aprobar\u00e1n las solicitudes\u00a0para que las y los Observadores puedan obtener su acreditaci\u00f3n y gafete.<\/p>\n\n\n\n<p>Para&nbsp;mayores&nbsp;informes,&nbsp;las personas interesadas pueden consultar la p\u00e1gina&nbsp;<a href=\"https:\/\/observadorescp.ine.mx\/\">https:\/\/observadorescp.ine.mx\/<\/a>,&nbsp;llamar al tel\u00e9fono&nbsp;2288416490,&nbsp;ext. 300032\/300044 o&nbsp;mandar un mensaje&nbsp;al correo electr\u00f3nico:&nbsp;<a href=\"mailto:claudia.vidal@ine.mx\">claudia.vidal@ine.mx<\/a><\/p>\n","protected":false},"excerpt":{"rendered":"<p>Xalapa, Ver.- Las\u00a0m\u00e1s de mil\u00a0personas\u00a0que\u00a0actualmente\u00a0est\u00e1n\u00a0acreditadas\u00a0en Veracruz\u00a0para\u00a0realizar labores\u00a0de\u00a0observaci\u00f3n\u00a0en el\u00a0Proceso\u00a0Electoral\u00a02020-2021\u00a0pueden\u00a0ratificar,\u00a0ante el\u00a0Instituto\u00a0Nacional Electoral\u00a0(INE),\u00a0su intenci\u00f3n de participar\u00a0como Observadoras y Observadores para la Consulta\u00a0Popular\u00a02021\u00a0que\u00a0tendr\u00e1 lugar el\u00a0pr\u00f3ximo\u00a01 de agosto, inform\u00f3 el\u00a0Vocal\u00a0Ejecutivo de\u00a0la Junta Local del INE en Veracruz, Josu\u00e9\u00a0Cervantes\u00a0Mart\u00ednez. \u201cEl\u00a0Consejo General del\u00a0INE\u00a0aprob\u00f3,\u00a0el pasado 18 de junio,\u00a0la Convocatoria\u00a0respectiva,\u00a0a\u00a0efecto que la ciudadan\u00eda\u00a0pueda participar\u00a0como observadora de la Consulta Popular.\u00a0Las y los interesados\u00a0s\u00f3lo deben\u00a0manifestar\u00a0su intenci\u00f3n\u00a0y\u00a0tomar\u00a0un [&hellip;]<\/p>\n","protected":false},"author":1,"featured_media":15902,"comment_status":"open","ping_status":"open","sticky":false,"template":"","format":"standard","meta":{"_jetpack_memberships_contains_paid_content":false,"footnotes":""},"categories":[2],"tags":[],"class_list":["post-15901","post","type-post","status-publish","format-standard","has-post-thumbnail","hentry","category-estado"],"jetpack_featured_media_url":"https:\/\/encuentroinformativo.com.mx\/wp-content\/uploads\/2021\/06\/9F8BB32E-4BBB-4264-84DD-DAC6571C0215.jpeg","jetpack_sharing_enabled":true,"jetpack_likes_enabled":true,"amp_enabled":true,"_links":{"self":[{"href":"https:\/\/encuentroinformativo.com.mx\/index.php?rest_route=\/wp\/v2\/posts\/15901","targetHints":{"allow":["GET"]}}],"collection":[{"href":"https:\/\/encuentroinformativo.com.mx\/index.php?rest_route=\/wp\/v2\/posts"}],"about":[{"href":"https:\/\/encuentroinformativo.com.mx\/index.php?rest_route=\/wp\/v2\/types\/post"}],"author":[{"embeddable":true,"href":"https:\/\/encuentroinformativo.com.mx\/index.php?rest_route=\/wp\/v2\/users\/1"}],"replies":[{"embeddable":true,"href":"https:\/\/encuentroinformativo.com.mx\/index.php?rest_route=%2Fwp%2Fv2%2Fcomments&post=15901"}],"version-history":[{"count":1,"href":"https:\/\/encuentroinformativo.com.mx\/index.php?rest_route=\/wp\/v2\/posts\/15901\/revisions"}],"predecessor-version":[{"id":15903,"href":"https:\/\/encuentroinformativo.com.mx\/index.php?rest_route=\/wp\/v2\/posts\/15901\/revisions\/15903"}],"wp:featuredmedia":[{"embeddable":true,"href":"https:\/\/encuentroinformativo.com.mx\/index.php?rest_route=\/wp\/v2\/media\/15902"}],"wp:attachment":[{"href":"https:\/\/encuentroinformativo.com.mx\/index.php?rest_route=%2Fwp%2Fv2%2Fmedia&parent=15901"}],"wp:term":[{"taxonomy":"category","embeddable":true,"href":"https:\/\/encuentroinformativo.com.mx\/index.php?rest_route=%2Fwp%2Fv2%2Fcategories&post=15901"},{"taxonomy":"post_tag","embeddable":true,"href":"https:\/\/encuentroinformativo.com.mx\/index.php?rest_route=%2Fwp%2Fv2%2Ftags&post=15901"}],"curies":[{"name":"wp","href":"https:\/\/api.w.org\/{rel}","templated":true}]}}