{"id":1591,"date":"2020-04-03T17:55:46","date_gmt":"2020-04-03T23:55:46","guid":{"rendered":"https:\/\/encuentroinformativo.com\/?p=1591"},"modified":"2020-04-03T17:55:48","modified_gmt":"2020-04-03T23:55:48","slug":"acusan-despidos-en-el-inegi","status":"publish","type":"post","link":"https:\/\/encuentroinformativo.com.mx\/?p=1591","title":{"rendered":"Acusan despidos en el INEGI"},"content":{"rendered":"\n<p><strong>Juan Arcos <\/strong><\/p>\n\n\n\n<p>Xalapa, Ver.- Un grupo de trabajadores del Instituto Nacional de Estad\u00edstica y Geograf\u00eda (INEGI) denunci\u00f3 que fue despedido de manera injustificada.<\/p>\n\n\n\n<p>Se trata de verificadores, cuya funci\u00f3n es supervisar que las casas son debidamente censadas.<\/p>\n\n\n\n<p>Los quejosos recordaron que hab\u00edan firmado un contrato con el INEGI hasta el 17 de abril.\u00a0<br>Sin embargo, el pasado martes 31 de marzo, les notificaron que ya no se presentaran a trabajar por la contingencia sanitaria.<\/p>\n\n\n\n<p>\u201cNos dicen a partir de ayer (jueves 2 de abril) que ya vamos a hacer la renuncia del contrato y que no nos est\u00e1n dando seguimiento a nuestro contrato, no se est\u00e1n respetando los pagos, nada m\u00e1s se firmar\u00eda hasta hoy 3 de abril, la renuncia del contrato, no estamos de acuerdo\u201d.<\/p>\n\n\n\n<p>Los inconformes, quienes solicitaron el anonimato por temor a m\u00e1s represalias, pidieron que se respete su contrato laboral.<\/p>\n\n\n\n<p>\u201cNosotros hicimos todas nuestras labores no dimos motivo para que quieran que firmemos una renuncia, siento que no es justo\u201d.<\/p>\n\n\n\n<p>Los trabajadores amagaron con presentar una demanda contra el INEGI por despido injustificado.<\/p>\n\n\n\n<p>Y es que denunciaron que funcionarios del INEGI los han amenazado con que ser\u00edan vetados e inhabilitados en el gobierno federal, si se niegan a firmar.<\/p>\n\n\n\n<p>Foto: Redes Sociales <\/p>\n\n\n\n<p><\/p>\n","protected":false},"excerpt":{"rendered":"<p>Juan Arcos Xalapa, Ver.- Un grupo de trabajadores del Instituto Nacional de Estad\u00edstica y Geograf\u00eda (INEGI) denunci\u00f3 que fue despedido de manera injustificada. Se trata de verificadores, cuya funci\u00f3n es supervisar que las casas son debidamente censadas. Los quejosos recordaron que hab\u00edan firmado un contrato con el INEGI hasta el 17 de abril.\u00a0Sin embargo, el [&hellip;]<\/p>\n","protected":false},"author":1,"featured_media":1592,"comment_status":"open","ping_status":"open","sticky":false,"template":"","format":"standard","meta":{"_jetpack_memberships_contains_paid_content":false,"footnotes":""},"categories":[2],"tags":[],"class_list":["post-1591","post","type-post","status-publish","format-standard","has-post-thumbnail","hentry","category-estado"],"jetpack_featured_media_url":"https:\/\/encuentroinformativo.com.mx\/wp-content\/uploads\/2020\/04\/7816AFB9-F976-43DC-A8AA-2005C6300FE0.jpeg","jetpack_sharing_enabled":true,"jetpack_likes_enabled":true,"amp_enabled":true,"_links":{"self":[{"href":"https:\/\/encuentroinformativo.com.mx\/index.php?rest_route=\/wp\/v2\/posts\/1591","targetHints":{"allow":["GET"]}}],"collection":[{"href":"https:\/\/encuentroinformativo.com.mx\/index.php?rest_route=\/wp\/v2\/posts"}],"about":[{"href":"https:\/\/encuentroinformativo.com.mx\/index.php?rest_route=\/wp\/v2\/types\/post"}],"author":[{"embeddable":true,"href":"https:\/\/encuentroinformativo.com.mx\/index.php?rest_route=\/wp\/v2\/users\/1"}],"replies":[{"embeddable":true,"href":"https:\/\/encuentroinformativo.com.mx\/index.php?rest_route=%2Fwp%2Fv2%2Fcomments&post=1591"}],"version-history":[{"count":1,"href":"https:\/\/encuentroinformativo.com.mx\/index.php?rest_route=\/wp\/v2\/posts\/1591\/revisions"}],"predecessor-version":[{"id":1593,"href":"https:\/\/encuentroinformativo.com.mx\/index.php?rest_route=\/wp\/v2\/posts\/1591\/revisions\/1593"}],"wp:featuredmedia":[{"embeddable":true,"href":"https:\/\/encuentroinformativo.com.mx\/index.php?rest_route=\/wp\/v2\/media\/1592"}],"wp:attachment":[{"href":"https:\/\/encuentroinformativo.com.mx\/index.php?rest_route=%2Fwp%2Fv2%2Fmedia&parent=1591"}],"wp:term":[{"taxonomy":"category","embeddable":true,"href":"https:\/\/encuentroinformativo.com.mx\/index.php?rest_route=%2Fwp%2Fv2%2Fcategories&post=1591"},{"taxonomy":"post_tag","embeddable":true,"href":"https:\/\/encuentroinformativo.com.mx\/index.php?rest_route=%2Fwp%2Fv2%2Ftags&post=1591"}],"curies":[{"name":"wp","href":"https:\/\/api.w.org\/{rel}","templated":true}]}}