{"id":15912,"date":"2021-07-01T12:25:27","date_gmt":"2021-07-01T17:25:27","guid":{"rendered":"https:\/\/encuentroinformativo.com.mx\/?p=15912"},"modified":"2021-07-01T12:25:30","modified_gmt":"2021-07-01T17:25:30","slug":"faltan-politicas-en-materia-ambiental-activistas","status":"publish","type":"post","link":"https:\/\/encuentroinformativo.com.mx\/?p=15912","title":{"rendered":"Faltan pol\u00edticas en materia ambiental: Activistas"},"content":{"rendered":"\n<p><strong>Juan Arcos <\/strong><\/p>\n\n\n\n<p>Xalapa, Ver.- La pol\u00edtica del presidente de la Rep\u00fablica, Andr\u00e9s Manuel L\u00f3pez Obrador, deja mucho qu\u00e9 desear en materia ambiental, se\u00f1al\u00f3 Guillermo Rodr\u00edguez Curiel, integrante de La Asamblea Veracruzana de Iniciativas y Defensa Ambiental (Lavida).<\/p>\n\n\n\n<p>El ambientalista consider\u00f3 que, a tres a\u00f1os del triunfo delMandatario federal en las urnas, a\u00fan no hay acciones para el saneamiento de los r\u00edos y lagunas, ni estrategias para garantizar la conservaci\u00f3n de los glaciares, como el que se encuentra en el Pico de Orizaba.<\/p>\n\n\n\n<p>\u201cNo hay protecci\u00f3n de los glaciares que cada d\u00eda, ustedes observan, aqu\u00ed mismo el de Orizaba, como se est\u00e1n destruyendo, no veo ninguna pol\u00edtica que vaya en ese sentido\u201d.\u00a0<\/p>\n\n\n\n<p>El activista tambi\u00e9n mencion\u00f3 que el Presidente no ha cancelado concesiones mineras en los territorios con gran biodiversidad, como es el caso de Veracruz, donde se ha concesionado una amplia superficie que va de la costa hasta la zona monta\u00f1osa central, en el municipio de Tatatila.<\/p>\n\n\n\n<p>Cabe recordar que en esta entidad diversos grupos de pobladores y ambientalistas se han organizado en un movimiento de resistencia para frenar los trabajos de miner\u00eda a cielo abierto, sobre todo en la zona costera de los municipios de Actopan y Alto Lucero.<\/p>\n\n\n\n<p>Rodr\u00edguez Curiel destac\u00f3 que el pa\u00eds tambi\u00e9n carece de una pol\u00edtica de disposici\u00f3n final para los residuos s\u00f3lidos urbanos, toda vez que las botellas de pl\u00e1stico resultan ser un amplio contaminante.<\/p>\n\n\n\n<p>\u201cA dondequiera que uno camine, a las monta\u00f1as, r\u00edos, mares y lagunas te encuentras el pl\u00e1stico, ya ni te cuento las ciudades, ahora que empezaron las lluvias fuimos testigos de c\u00f3mo las crecientes de los r\u00edos llevaban monta\u00f1as de basura, de pl\u00e1stico fundamentalmente\u201d.<\/p>\n\n\n\n<p>El integrante de Lavida opin\u00f3 que entre los aciertos de AMLO en pol\u00edtica ambiental se encuentra la cancelaci\u00f3n del aeropuerto de la Ciudad de M\u00e9xico, que estaba construy\u00e9ndose en el lago de Texcoco.<\/p>\n\n\n\n<p>\u201cTambi\u00e9n que haya apoyado a la poblaci\u00f3n de Mexicali para que no se instalara una cervecer\u00eda, que ya de por s\u00ed Mexicali sufre un estr\u00e9s tremendo de agua, una sequ\u00eda terrible y con la sequ\u00eda iba a ser peor todav\u00eda. Tambi\u00e9n quiero destacar la recuperaci\u00f3n de algunas playas en Nayarit, esos tres aciertos los coloc\u00f3 en el candelero; sin embargo, creo que la pol\u00edtica ambiental de Andr\u00e9s Manuel L\u00f3pez Obrador deja mucho qu\u00e9 desear\u201d, remat\u00f3.<\/p>\n","protected":false},"excerpt":{"rendered":"<p>Juan Arcos Xalapa, Ver.- La pol\u00edtica del presidente de la Rep\u00fablica, Andr\u00e9s Manuel L\u00f3pez Obrador, deja mucho qu\u00e9 desear en materia ambiental, se\u00f1al\u00f3 Guillermo Rodr\u00edguez Curiel, integrante de La Asamblea Veracruzana de Iniciativas y Defensa Ambiental (Lavida). El ambientalista consider\u00f3 que, a tres a\u00f1os del triunfo delMandatario federal en las urnas, a\u00fan no hay acciones [&hellip;]<\/p>\n","protected":false},"author":1,"featured_media":15913,"comment_status":"open","ping_status":"open","sticky":false,"template":"","format":"standard","meta":{"_jetpack_memberships_contains_paid_content":false,"footnotes":""},"categories":[2],"tags":[],"class_list":["post-15912","post","type-post","status-publish","format-standard","has-post-thumbnail","hentry","category-estado"],"jetpack_featured_media_url":"https:\/\/encuentroinformativo.com.mx\/wp-content\/uploads\/2021\/07\/F311D3A7-A9BF-4E5B-98DE-4C1368CDE46E.jpeg","jetpack_sharing_enabled":true,"jetpack_likes_enabled":true,"amp_enabled":true,"_links":{"self":[{"href":"https:\/\/encuentroinformativo.com.mx\/index.php?rest_route=\/wp\/v2\/posts\/15912","targetHints":{"allow":["GET"]}}],"collection":[{"href":"https:\/\/encuentroinformativo.com.mx\/index.php?rest_route=\/wp\/v2\/posts"}],"about":[{"href":"https:\/\/encuentroinformativo.com.mx\/index.php?rest_route=\/wp\/v2\/types\/post"}],"author":[{"embeddable":true,"href":"https:\/\/encuentroinformativo.com.mx\/index.php?rest_route=\/wp\/v2\/users\/1"}],"replies":[{"embeddable":true,"href":"https:\/\/encuentroinformativo.com.mx\/index.php?rest_route=%2Fwp%2Fv2%2Fcomments&post=15912"}],"version-history":[{"count":1,"href":"https:\/\/encuentroinformativo.com.mx\/index.php?rest_route=\/wp\/v2\/posts\/15912\/revisions"}],"predecessor-version":[{"id":15914,"href":"https:\/\/encuentroinformativo.com.mx\/index.php?rest_route=\/wp\/v2\/posts\/15912\/revisions\/15914"}],"wp:featuredmedia":[{"embeddable":true,"href":"https:\/\/encuentroinformativo.com.mx\/index.php?rest_route=\/wp\/v2\/media\/15913"}],"wp:attachment":[{"href":"https:\/\/encuentroinformativo.com.mx\/index.php?rest_route=%2Fwp%2Fv2%2Fmedia&parent=15912"}],"wp:term":[{"taxonomy":"category","embeddable":true,"href":"https:\/\/encuentroinformativo.com.mx\/index.php?rest_route=%2Fwp%2Fv2%2Fcategories&post=15912"},{"taxonomy":"post_tag","embeddable":true,"href":"https:\/\/encuentroinformativo.com.mx\/index.php?rest_route=%2Fwp%2Fv2%2Ftags&post=15912"}],"curies":[{"name":"wp","href":"https:\/\/api.w.org\/{rel}","templated":true}]}}