{"id":15915,"date":"2021-07-01T12:33:44","date_gmt":"2021-07-01T17:33:44","guid":{"rendered":"https:\/\/encuentroinformativo.com.mx\/?p=15915"},"modified":"2021-07-01T12:33:47","modified_gmt":"2021-07-01T17:33:47","slug":"empresarios-vuelven-a-reclamar-pagos-de-adeudos","status":"publish","type":"post","link":"https:\/\/encuentroinformativo.com.mx\/?p=15915","title":{"rendered":"Empresarios vuelven a reclamar pagos de adeudos"},"content":{"rendered":"\n<p><strong>Juan Arcos <\/strong><\/p>\n\n\n\n<p>Xalapa, Ver.- Integrantes de la organizaci\u00f3n Empresas SOS protestaron de nueva cuenta a un costado de Palacio de Gobierno, para exigir a las autoridades que liquiden los adeudos que mantienen con proveedores desde el sexenio de Javier Duarte de Ochoa.<\/p>\n\n\n\n<p>De acuerdo con Jes\u00fas Casta\u00f1eda Nev\u00e1rez, representante de dicha agrupaci\u00f3n, es positivo que el gobierno tenga la intenci\u00f3n de cubrir los adeudos; sin embargo, hay incertidumbre porque no se mencionan a las 91 empresas que recibir\u00e1n los pagos correspondientes.<\/p>\n\n\n\n<p>El l\u00edder empresarial se\u00f1al\u00f3 que las autoridades estatales tampoco han dado a conocer cu\u00e1les compa\u00f1\u00edas pretenden realizar cobros indebidos.<\/p>\n\n\n\n<p>Cabe recordar que, de manera reciente, el gobernador del estado, Cuitl\u00e1huac Garc\u00eda Jim\u00e9nez, anunci\u00f3 que ser\u00edan liquidados los adeudos que mantienen con proveedores.\u00a0<\/p>\n\n\n\n<p>\u201cEntonces nosotros estamos como en el limbo, estamos en un estado de indefensi\u00f3n, entonces nosotros queremos manifestar, por una parte, saludamos con agrado el anuncio del gobernador de que se pagar\u00e1, pero tambi\u00e9n queremos respaldar las acciones que se emprendan en contra de las empresas que indebidamente pretendan cobrar, pero queremos certidumbre\u201d.<\/p>\n\n\n\n<p>Casta\u00f1eda Nev\u00e1rez acus\u00f3 que los integrantes de Empresas SOS no han sido recibidos por las autoridades, aunque desde hace un tiempo lograron una recomendaci\u00f3n de la Comisi\u00f3n Estatal de Derechos Humanos (CEDH) por la falta de pagos.<\/p>\n\n\n\n<p>Consider\u00f3 que el gobierno podr\u00eda estar revictimizando a los proveedores que han iniciado una lucha para exigir al gobierno de Veracruz que cubra los pagos pendientes.\u00a0<\/p>\n\n\n\n<p>\u201cEn el mismo cuerpo de la recomendaci\u00f3n de la CEDH se pide que este gobierno no puede revictimizarnos y el hecho, lo que est\u00e1 sucediendo, nos revictimiza porque estamos siendo manchados en el supuesto de que podr\u00edamos estar dentro de las empresas que pretenden hacer cobros indebidos\u201d.<\/p>\n\n\n\n<p>El representante de Empresas SOS mostr\u00f3 la documentaci\u00f3n que sustenta el reclamo de los empresarios que han sido afectados por la falta de pagos desde aquel gobierno priista.<\/p>\n\n\n\n<p>Finalmente, record\u00f3 que, en un principio, se deb\u00edan m\u00e1s de 400 millones de pesos a los integrantes de dicha organizaci\u00f3n; sin embargo, algunos de ellos recibieron algunos \u201cabonos\u201d.<\/p>\n","protected":false},"excerpt":{"rendered":"<p>Juan Arcos Xalapa, Ver.- Integrantes de la organizaci\u00f3n Empresas SOS protestaron de nueva cuenta a un costado de Palacio de Gobierno, para exigir a las autoridades que liquiden los adeudos que mantienen con proveedores desde el sexenio de Javier Duarte de Ochoa. De acuerdo con Jes\u00fas Casta\u00f1eda Nev\u00e1rez, representante de dicha agrupaci\u00f3n, es positivo que [&hellip;]<\/p>\n","protected":false},"author":1,"featured_media":15916,"comment_status":"open","ping_status":"open","sticky":false,"template":"","format":"standard","meta":{"_jetpack_memberships_contains_paid_content":false,"footnotes":""},"categories":[3],"tags":[],"class_list":["post-15915","post","type-post","status-publish","format-standard","has-post-thumbnail","hentry","category-xalapa"],"jetpack_featured_media_url":"https:\/\/encuentroinformativo.com.mx\/wp-content\/uploads\/2021\/07\/944EB7BF-EB50-4719-8A6E-8C9D6B01883A.jpeg","jetpack_sharing_enabled":true,"jetpack_likes_enabled":true,"amp_enabled":true,"_links":{"self":[{"href":"https:\/\/encuentroinformativo.com.mx\/index.php?rest_route=\/wp\/v2\/posts\/15915","targetHints":{"allow":["GET"]}}],"collection":[{"href":"https:\/\/encuentroinformativo.com.mx\/index.php?rest_route=\/wp\/v2\/posts"}],"about":[{"href":"https:\/\/encuentroinformativo.com.mx\/index.php?rest_route=\/wp\/v2\/types\/post"}],"author":[{"embeddable":true,"href":"https:\/\/encuentroinformativo.com.mx\/index.php?rest_route=\/wp\/v2\/users\/1"}],"replies":[{"embeddable":true,"href":"https:\/\/encuentroinformativo.com.mx\/index.php?rest_route=%2Fwp%2Fv2%2Fcomments&post=15915"}],"version-history":[{"count":1,"href":"https:\/\/encuentroinformativo.com.mx\/index.php?rest_route=\/wp\/v2\/posts\/15915\/revisions"}],"predecessor-version":[{"id":15917,"href":"https:\/\/encuentroinformativo.com.mx\/index.php?rest_route=\/wp\/v2\/posts\/15915\/revisions\/15917"}],"wp:featuredmedia":[{"embeddable":true,"href":"https:\/\/encuentroinformativo.com.mx\/index.php?rest_route=\/wp\/v2\/media\/15916"}],"wp:attachment":[{"href":"https:\/\/encuentroinformativo.com.mx\/index.php?rest_route=%2Fwp%2Fv2%2Fmedia&parent=15915"}],"wp:term":[{"taxonomy":"category","embeddable":true,"href":"https:\/\/encuentroinformativo.com.mx\/index.php?rest_route=%2Fwp%2Fv2%2Fcategories&post=15915"},{"taxonomy":"post_tag","embeddable":true,"href":"https:\/\/encuentroinformativo.com.mx\/index.php?rest_route=%2Fwp%2Fv2%2Ftags&post=15915"}],"curies":[{"name":"wp","href":"https:\/\/api.w.org\/{rel}","templated":true}]}}