{"id":15918,"date":"2021-07-01T14:02:20","date_gmt":"2021-07-01T19:02:20","guid":{"rendered":"https:\/\/encuentroinformativo.com.mx\/?p=15918"},"modified":"2021-07-01T14:02:23","modified_gmt":"2021-07-01T19:02:23","slug":"expondran-en-veracruz-puerto-obras-de-da-vinci-y-miguel-angel","status":"publish","type":"post","link":"https:\/\/encuentroinformativo.com.mx\/?p=15918","title":{"rendered":"Expondr\u00e1n en Veracruz puerto obras de Da Vinci y Miguel \u00c1ngel"},"content":{"rendered":"\n<p><strong>Alejandro \u00c1vila<\/strong><\/p>\n\n\n\n<p>Veracruz, Ver.- Las exposiciones &#8220;El Genio&#8221; de Leonardo Da Vinci, y &#8220;El Divino&#8221; de Miguel \u00c1ngel Buonarroti, estar\u00e1n disponibles para visita p\u00fablica a partir del 5 de agosto en el Museo de la Ciudad de Veracruz, inform\u00f3 el director de Turismo, Jos\u00e9 Antonio Salvatori Arjona.<\/p>\n\n\n\n<p>Estas exposiciones que han recorrido las ciudades de Quer\u00e9taro, Guadalajara y Monterrey; adem\u00e1s de pa\u00edses como Croacia, Israel y Francia, estar\u00e1n disponibles para su apreciaci\u00f3n, hasta el mes de diciembre.<\/p>\n\n\n\n<p>&#8220;Quisiera comentarles respecto a una exposici\u00f3n muy importante, que es el jueves 5 de agosto, y que son las exposiciones r\u00e9plicas de Leonardo Da Vinci y Miguel \u00c1ngel, el director de la Asociaci\u00f3n Civil &#8216;Sin Fronteras&#8217;, el italiano, Luca Pianesi, traer\u00e1 exposiciones referentes a Leonardo Da Vinci y el artista Miguel \u00c1ngel&#8221;, mencion\u00f3 el funcionario municipal.<\/p>\n\n\n\n<p>Salvatori Arjona, reconoci\u00f3 que en 2021 la presencia de visitantes a los recintos culturales en la ciudad de Veracruz ha sido baja, motivo por el cual, para las vacaciones de verano, que son del 29 de julio al 29 de agosto, preparon actividades de interes para los visitantes, a fin de crear una experiencia agradable para el turista.<\/p>\n\n\n\n<p>&#8220;Realmente ha sido baja la afluencia a los museos, esa es la verdad, yo creo que la gente est\u00e1 tomando esa confianza para regresar a los recintos. Y bueno, la confianza hay que generarla con eventos atractivos y demostrandole que se cuenta con todas las medidas de seguridad&#8221;, expres\u00f3.<\/p>\n\n\n\n<p>Finalmente, coment\u00f3 que el viernes 27 de julio, dentro del marco de la Gala de la Juventud en el z\u00f3calo de la ciudad, se realizar\u00e1 el volovan m\u00e1s grande del mundo, muestra gastron\u00f3mica que estar\u00e1 a cargo en su l\u00f3gistica por el Ayuntamiento de Veracruz.<\/p>\n\n\n\n<p>&#8220;La idea es reactivar la econom\u00eda y proporcionarle actividades a todos aquellos turistas que nos visitan. Cuando uno va a otro Estado de la Rep\u00fablica a visitar, lo que uno quiere es que el Estado est\u00e9 abierto, que el Estado est\u00e9 preparado para recibir a todas esas visitas, y creo que nosotros en el Ayuntamiento de Veracruz lo que estamos haciendo es estar preparados&#8221;, culmin\u00f3.<\/p>\n","protected":false},"excerpt":{"rendered":"<p>Alejandro \u00c1vila Veracruz, Ver.- Las exposiciones &#8220;El Genio&#8221; de Leonardo Da Vinci, y &#8220;El Divino&#8221; de Miguel \u00c1ngel Buonarroti, estar\u00e1n disponibles para visita p\u00fablica a partir del 5 de agosto en el Museo de la Ciudad de Veracruz, inform\u00f3 el director de Turismo, Jos\u00e9 Antonio Salvatori Arjona. Estas exposiciones que han recorrido las ciudades de [&hellip;]<\/p>\n","protected":false},"author":1,"featured_media":15919,"comment_status":"open","ping_status":"open","sticky":false,"template":"","format":"standard","meta":{"_jetpack_memberships_contains_paid_content":false,"footnotes":""},"categories":[2],"tags":[],"class_list":["post-15918","post","type-post","status-publish","format-standard","has-post-thumbnail","hentry","category-estado"],"jetpack_featured_media_url":"https:\/\/encuentroinformativo.com.mx\/wp-content\/uploads\/2021\/07\/56C993A3-51DD-457A-BFEB-E2A8A2C48747.jpeg","jetpack_sharing_enabled":true,"jetpack_likes_enabled":true,"amp_enabled":true,"_links":{"self":[{"href":"https:\/\/encuentroinformativo.com.mx\/index.php?rest_route=\/wp\/v2\/posts\/15918","targetHints":{"allow":["GET"]}}],"collection":[{"href":"https:\/\/encuentroinformativo.com.mx\/index.php?rest_route=\/wp\/v2\/posts"}],"about":[{"href":"https:\/\/encuentroinformativo.com.mx\/index.php?rest_route=\/wp\/v2\/types\/post"}],"author":[{"embeddable":true,"href":"https:\/\/encuentroinformativo.com.mx\/index.php?rest_route=\/wp\/v2\/users\/1"}],"replies":[{"embeddable":true,"href":"https:\/\/encuentroinformativo.com.mx\/index.php?rest_route=%2Fwp%2Fv2%2Fcomments&post=15918"}],"version-history":[{"count":1,"href":"https:\/\/encuentroinformativo.com.mx\/index.php?rest_route=\/wp\/v2\/posts\/15918\/revisions"}],"predecessor-version":[{"id":15920,"href":"https:\/\/encuentroinformativo.com.mx\/index.php?rest_route=\/wp\/v2\/posts\/15918\/revisions\/15920"}],"wp:featuredmedia":[{"embeddable":true,"href":"https:\/\/encuentroinformativo.com.mx\/index.php?rest_route=\/wp\/v2\/media\/15919"}],"wp:attachment":[{"href":"https:\/\/encuentroinformativo.com.mx\/index.php?rest_route=%2Fwp%2Fv2%2Fmedia&parent=15918"}],"wp:term":[{"taxonomy":"category","embeddable":true,"href":"https:\/\/encuentroinformativo.com.mx\/index.php?rest_route=%2Fwp%2Fv2%2Fcategories&post=15918"},{"taxonomy":"post_tag","embeddable":true,"href":"https:\/\/encuentroinformativo.com.mx\/index.php?rest_route=%2Fwp%2Fv2%2Ftags&post=15918"}],"curies":[{"name":"wp","href":"https:\/\/api.w.org\/{rel}","templated":true}]}}