{"id":15921,"date":"2021-07-01T14:22:39","date_gmt":"2021-07-01T19:22:39","guid":{"rendered":"https:\/\/encuentroinformativo.com.mx\/?p=15921"},"modified":"2021-07-01T14:22:43","modified_gmt":"2021-07-01T19:22:43","slug":"solicitan-ayuda-para-localizar-a-joven-desaparecida","status":"publish","type":"post","link":"https:\/\/encuentroinformativo.com.mx\/?p=15921","title":{"rendered":"Solicitan ayuda para localizar a joven desaparecida"},"content":{"rendered":"\n<p><strong>Juan Arcos\/Dar\u00edo Pale <\/strong><\/p>\n\n\n\n<p>Xalapa, Ver.- Luz Edith Acevedo P\u00e9rez y Julio C\u00e9sar Lara Mart\u00ednez salieron a una cita de trabajo hacia el municipio de Magdalena, clavado en la regi\u00f3n monta\u00f1osa central del estado de Veracruz, donde desaparecieron en el trayecto.\u00a0<\/p>\n\n\n\n<p>Yolanda Silvia P\u00e9rez Castillo, desesperada, indic\u00f3 que su hija, de 36 a\u00f1os, y el otro abogado viajaron de Rafael Delgado a Magdalena para tener una entrevista laboral con la alcaldesa Fortunata Zepahua Tequiahuatle, pero nunca llegaron.<\/p>\n\n\n\n<p>Los hechos ocurrieron el pasado 21 de junio. La jurista Luz Edith inform\u00f3 a su madre que pronto le dar\u00eda noticias sobre su posible contrataci\u00f3n en el ayuntamiento de Magdalena.<\/p>\n\n\n\n<p>\u201cEl licenciado Julio C\u00e9sar iba a ser su jefe inmediato, por el camino tan en mal estado, se fue con \u00e9l en su coche. Llegaron al pueblo de Magdalena, le iban a hacer la entrevista el contador y la alcaldesa pero ninguno de los dos se present\u00f3\u201d, recuerda la se\u00f1ora.<\/p>\n\n\n\n<p>&#8220;La Alcaldesa me hizo el comentario que ella hab\u00eda recibido amenazas, pero no me inform\u00f3 de qu\u00e9 o de qui\u00e9n, le hac\u00edan menci\u00f3n de que si no era ella iba a ser parte de su personal&#8221;, se\u00f1al\u00f3.<\/p>\n\n\n\n<p>Lara Mart\u00ednez se desempe\u00f1a como asesor jur\u00eddico de la Alcaldesa y desde ese d\u00eda los dos est\u00e1n desaparecidos.<\/p>\n\n\n\n<p>Pasaron las horas. La mujer dej\u00f3 de contestar mensajes y llamadas, y no regres\u00f3 a su vivienda, situaci\u00f3n que alarm\u00f3 a sus familiares, toda vez que nunca hab\u00eda hecho algo similar.\u00a0<\/p>\n\n\n\n<p>Do\u00f1a Yolanda comenta que a las 15:57 horas recibieron el \u00faltimo mensaje de ella, donde preguntaba por los hijos de su sobrina; sin embargo, ya no recibi\u00f3 la respuesta.<\/p>\n\n\n\n<p>A Luz Edith la esperan en casa sus dos hijos menores de edad, quienes dependen totalmente de ella. Pero ya lleva 11 d\u00edas desparecida y, hasta el momento, no hay indicios de sus paradero.<\/p>\n\n\n\n<p>Su madre llora al no saber nada de su hija. Decidi\u00f3 buscarla por su cuenta y viajar a Magdalena para localizarla. En el lugar, polic\u00edas le informaron que Luz y Julio hab\u00edan regresado a Rafael Delgado y que la Presidenta Municipal no pudo recibirlos porque ten\u00eda reuniones programadas en comunidades.<\/p>\n\n\n\n<p>Yolanda Silvia se entrevist\u00f3 con la alcaldesa Fortunata Zepahua, quien le dijo haber recibido amenazas d\u00edas antes de la desaparici\u00f3n y que posiblemente dicha situaci\u00f3n podr\u00eda tratarse de una l\u00ednea de investigaci\u00f3n.<\/p>\n\n\n\n<p>\u201cLe hac\u00edan menci\u00f3n (a la Alcaldesa) que si no era ella, iba a ser parte de su personal\u201d, comenta la mam\u00e1 de Luz Edith, quien present\u00f3 la denuncia por desaparici\u00f3n en la Fiscal\u00eda General del Estado (FGE).<\/p>\n\n\n\n<p>Sin embargo, la autoridad ministerial no ha informado sobre los avances en las investigaciones o los puntos donde podr\u00eda encontrarse su hija.<\/p>\n\n\n\n<p>\u201cMi hija apenas iba a ver la oferta de trabajo, termin\u00f3 la licenciatura en derecho y no ejerc\u00eda la carrera, ese d\u00eda se present\u00f3 la oportunidad, pero ya no regres\u00f3\u201d, enfatiza.<\/p>\n","protected":false},"excerpt":{"rendered":"<p>Juan Arcos\/Dar\u00edo Pale Xalapa, Ver.- Luz Edith Acevedo P\u00e9rez y Julio C\u00e9sar Lara Mart\u00ednez salieron a una cita de trabajo hacia el municipio de Magdalena, clavado en la regi\u00f3n monta\u00f1osa central del estado de Veracruz, donde desaparecieron en el trayecto.\u00a0 Yolanda Silvia P\u00e9rez Castillo, desesperada, indic\u00f3 que su hija, de 36 a\u00f1os, y el otro [&hellip;]<\/p>\n","protected":false},"author":1,"featured_media":15922,"comment_status":"open","ping_status":"open","sticky":false,"template":"","format":"standard","meta":{"_jetpack_memberships_contains_paid_content":false,"footnotes":""},"categories":[2],"tags":[],"class_list":["post-15921","post","type-post","status-publish","format-standard","has-post-thumbnail","hentry","category-estado"],"jetpack_featured_media_url":"https:\/\/encuentroinformativo.com.mx\/wp-content\/uploads\/2021\/07\/57363FDF-4E7D-4DBD-A4C6-6806F4693A2D.jpeg","jetpack_sharing_enabled":true,"jetpack_likes_enabled":true,"amp_enabled":true,"_links":{"self":[{"href":"https:\/\/encuentroinformativo.com.mx\/index.php?rest_route=\/wp\/v2\/posts\/15921","targetHints":{"allow":["GET"]}}],"collection":[{"href":"https:\/\/encuentroinformativo.com.mx\/index.php?rest_route=\/wp\/v2\/posts"}],"about":[{"href":"https:\/\/encuentroinformativo.com.mx\/index.php?rest_route=\/wp\/v2\/types\/post"}],"author":[{"embeddable":true,"href":"https:\/\/encuentroinformativo.com.mx\/index.php?rest_route=\/wp\/v2\/users\/1"}],"replies":[{"embeddable":true,"href":"https:\/\/encuentroinformativo.com.mx\/index.php?rest_route=%2Fwp%2Fv2%2Fcomments&post=15921"}],"version-history":[{"count":1,"href":"https:\/\/encuentroinformativo.com.mx\/index.php?rest_route=\/wp\/v2\/posts\/15921\/revisions"}],"predecessor-version":[{"id":15923,"href":"https:\/\/encuentroinformativo.com.mx\/index.php?rest_route=\/wp\/v2\/posts\/15921\/revisions\/15923"}],"wp:featuredmedia":[{"embeddable":true,"href":"https:\/\/encuentroinformativo.com.mx\/index.php?rest_route=\/wp\/v2\/media\/15922"}],"wp:attachment":[{"href":"https:\/\/encuentroinformativo.com.mx\/index.php?rest_route=%2Fwp%2Fv2%2Fmedia&parent=15921"}],"wp:term":[{"taxonomy":"category","embeddable":true,"href":"https:\/\/encuentroinformativo.com.mx\/index.php?rest_route=%2Fwp%2Fv2%2Fcategories&post=15921"},{"taxonomy":"post_tag","embeddable":true,"href":"https:\/\/encuentroinformativo.com.mx\/index.php?rest_route=%2Fwp%2Fv2%2Ftags&post=15921"}],"curies":[{"name":"wp","href":"https:\/\/api.w.org\/{rel}","templated":true}]}}