{"id":15924,"date":"2021-07-01T15:59:15","date_gmt":"2021-07-01T20:59:15","guid":{"rendered":"https:\/\/encuentroinformativo.com.mx\/?p=15924"},"modified":"2021-07-01T17:53:30","modified_gmt":"2021-07-01T22:53:30","slug":"sectur-sin-firmar-convenio-de-promocion-turistica-2021","status":"publish","type":"post","link":"https:\/\/encuentroinformativo.com.mx\/?p=15924","title":{"rendered":"SECTUR sin firmar convenio de promoci\u00f3n tur\u00edstica 2021"},"content":{"rendered":"\n<p><strong>Alejandro \u00c1vila<\/strong><\/p>\n\n\n\n<p>Veracruz, Ver.- Sergio Lois Heredia, presidente del Consejo Metropolitano de Turismo (COMETUR), dijo que la Secretar\u00eda de Turismo a\u00fan no firma el contrato de promoci\u00f3n tur\u00edstica del 2021, a pesar de que el proyecto ya fue aprobado en enero.<\/p>\n\n\n\n<p>El empresario manifest\u00f3 que, precisamente por situaciones como esta, buscar\u00e1n que exista un presupuesto alterno de promoci\u00f3n turistica, que salga exclusivamente de los Ayuntamientos.<\/p>\n\n\n\n<p>&#8220;Creo que se necesita un proyecto de promoci\u00f3n turistica que nazca desde los municipios, que apoye al esfuerzo que se hace desde el 2 por ciento al hospedaje, que muchas veces es muy tardado por los diversos tr\u00e1mites burocraticos. De hecho, en ese tema podemos ver que, desde enero se aprob\u00f3 un proyecto, y la \u00faltima noticia que tuvimos es que todav\u00eda no se ha firmado el contrato y ya estamos en julio&#8221;, acus\u00f3.<\/p>\n\n\n\n<p>En ese sentido, coment\u00f3 que tras la \u00faltima sesi\u00f3n de la COMETUR, el pasado martes, se lleg\u00f3 al acuerdo de solicitar a los alcaldes electos, destinen a un &#8220;enlace de transici\u00f3n&#8221; para que se reuna al menos una vez al mes con ellos a partir de julio, y de esta manera comiencen a trabajar en una agenda de proyectos y promoci\u00f3n turistica, al menos en la zona conurbada Veracruz &#8211; Boca del R\u00edo.<\/p>\n\n\n\n<p>Lois Heredia, expuso que en las reuniones que se tengan en el segundo semestre del 2021, se buscar\u00e1n construir acciones concretas para fomentar el turismo dentro de los pr\u00f3ximos 4 a\u00f1os.<\/p>\n\n\n\n<p>Por ello consideran pertinente que exista ya una persona que se reuna con ellos periodicamente, para que al inicio de la siguiente administraci\u00f3n, la nueva alcaldesa o alcalde comience con un plan de trabajo con base en una estrategia bien cimentada.<\/p>\n\n\n\n<p>Aclar\u00f3 que, tambi\u00e9n se buscar\u00e1 realizar la misma din\u00e1mica con los municipios de Alvarado, La Antigua y Medell\u00edn de Bravo.<\/p>\n","protected":false},"excerpt":{"rendered":"<p>Alejandro \u00c1vila Veracruz, Ver.- Sergio Lois Heredia, presidente del Consejo Metropolitano de Turismo (COMETUR), dijo que la Secretar\u00eda de Turismo a\u00fan no firma el contrato de promoci\u00f3n tur\u00edstica del 2021, a pesar de que el proyecto ya fue aprobado en enero. El empresario manifest\u00f3 que, precisamente por situaciones como esta, buscar\u00e1n que exista un presupuesto [&hellip;]<\/p>\n","protected":false},"author":1,"featured_media":15925,"comment_status":"open","ping_status":"open","sticky":false,"template":"","format":"standard","meta":{"_jetpack_memberships_contains_paid_content":false,"footnotes":""},"categories":[2],"tags":[],"class_list":["post-15924","post","type-post","status-publish","format-standard","has-post-thumbnail","hentry","category-estado"],"jetpack_featured_media_url":"https:\/\/encuentroinformativo.com.mx\/wp-content\/uploads\/2021\/07\/006DAE72-070D-4B5F-81E8-98D91EE15005.jpeg","jetpack_sharing_enabled":true,"jetpack_likes_enabled":true,"amp_enabled":true,"_links":{"self":[{"href":"https:\/\/encuentroinformativo.com.mx\/index.php?rest_route=\/wp\/v2\/posts\/15924","targetHints":{"allow":["GET"]}}],"collection":[{"href":"https:\/\/encuentroinformativo.com.mx\/index.php?rest_route=\/wp\/v2\/posts"}],"about":[{"href":"https:\/\/encuentroinformativo.com.mx\/index.php?rest_route=\/wp\/v2\/types\/post"}],"author":[{"embeddable":true,"href":"https:\/\/encuentroinformativo.com.mx\/index.php?rest_route=\/wp\/v2\/users\/1"}],"replies":[{"embeddable":true,"href":"https:\/\/encuentroinformativo.com.mx\/index.php?rest_route=%2Fwp%2Fv2%2Fcomments&post=15924"}],"version-history":[{"count":1,"href":"https:\/\/encuentroinformativo.com.mx\/index.php?rest_route=\/wp\/v2\/posts\/15924\/revisions"}],"predecessor-version":[{"id":15926,"href":"https:\/\/encuentroinformativo.com.mx\/index.php?rest_route=\/wp\/v2\/posts\/15924\/revisions\/15926"}],"wp:featuredmedia":[{"embeddable":true,"href":"https:\/\/encuentroinformativo.com.mx\/index.php?rest_route=\/wp\/v2\/media\/15925"}],"wp:attachment":[{"href":"https:\/\/encuentroinformativo.com.mx\/index.php?rest_route=%2Fwp%2Fv2%2Fmedia&parent=15924"}],"wp:term":[{"taxonomy":"category","embeddable":true,"href":"https:\/\/encuentroinformativo.com.mx\/index.php?rest_route=%2Fwp%2Fv2%2Fcategories&post=15924"},{"taxonomy":"post_tag","embeddable":true,"href":"https:\/\/encuentroinformativo.com.mx\/index.php?rest_route=%2Fwp%2Fv2%2Ftags&post=15924"}],"curies":[{"name":"wp","href":"https:\/\/api.w.org\/{rel}","templated":true}]}}