{"id":15931,"date":"2021-07-01T13:05:41","date_gmt":"2021-07-01T18:05:41","guid":{"rendered":"https:\/\/encuentroinformativo.com.mx\/?p=15931"},"modified":"2021-07-01T16:09:40","modified_gmt":"2021-07-01T21:09:40","slug":"falso-desabasto-de-medicamento-oncologico-segun-alcalde","status":"publish","type":"post","link":"https:\/\/encuentroinformativo.com.mx\/?p=15931","title":{"rendered":"Falso desabasto de medicamento oncol\u00f3gico, seg\u00fan Alcalde"},"content":{"rendered":"\n<p><strong>Alejandro \u00c1vila<\/strong><\/p>\n\n\n\n<p>Veracruz, Ver. \u2013 El supuesto desabasto mundial de medicamento oncol\u00f3gico que argument\u00f3 el Gobierno del Estado, como medida justificante ante las manifestaciones de padres de familia en al menos 3 municipios de la entidad veracruzana, es falso, recalc\u00f3 el alcalde de Veracruz, Fernando Yunes M\u00e1rquez.<\/p>\n\n\n\n<p>El edil panista puso como ejemplo que apenas el fin de semana pasado, tuvieron conocimiento del caso de Azul, una peque\u00f1a de 8 a\u00f1os que recib\u00eda tratamiento en el Hospital Infantil, y que necesitaba con urgencia 3 dosis de un f\u00e1rmaco con costo de 22 mil pesos cada uno, de no recibirlo, podr\u00eda perder la vida; ante esto, el Ayuntamiento de Veracruz contact\u00f3 a sus padres y les proporcion\u00f3 el dinero para la compra de las dosis.<\/p>\n\n\n\n<p>El DIF Municipal hab\u00eda informado hace unos d\u00edas que, debido a la urgencia del caso, el mismo s\u00e1bado se entreg\u00f3 la cantidad de 66 mil pesos, el medicamento fue comprado el domingo, y el d\u00eda lunes 28 de junio le fue aplicada la primera dosis; mientras que el resto deben ser puesta cada quince d\u00edas.<\/p>\n\n\n\n<p>\u201cDe hecho ya los padres los ten\u00edan vistos, nosotros en realidad llegamos a pagar, no tuvimos que hacer nada m\u00e1s que pagarlos, el problema de ellos era m\u00e1s econ\u00f3mico que de conseguirlos. Medicamentos hay, esto de que hay un desabasto mundial es completamente falso, no s\u00e9, ustedes lo saben bien, no hay una noticia que diga, en Francia hay desabasto de medicamentos de quimioterapia, en Estados Unidos, en Brasil, en Espa\u00f1a, es simplemente un tema de incompetencia total, no es otra cosa\u201d, acus\u00f3.<\/p>\n\n\n\n<p>Fernando Yunes M\u00e1rquez, lament\u00f3 que las madres de ni\u00f1os con c\u00e1ncer hayan pernoctaron este mi\u00e9rcoles afuera del Hospital Infantil en protesta por la falta de medicamentos para sus hijos, sin que una sola autoridad estatal se presentara a atenderlas, a pesar del bloqueo que hicieron a la avenida 20 de noviembre; sin embargo, con toda tranquilidad, la noche de este mi\u00e9rcoles se desarrollaba un juego de beisbol en un estadio al que Gobierno del Estado consider\u00f3 apropiado invertir 100 millones de pesos, que comprar medicamentos oncol\u00f3gicos para salvar vidas de los menores de edad que sufren esta enfermedad en el Estado.<\/p>\n","protected":false},"excerpt":{"rendered":"<p>Alejandro \u00c1vila Veracruz, Ver. \u2013 El supuesto desabasto mundial de medicamento oncol\u00f3gico que argument\u00f3 el Gobierno del Estado, como medida justificante ante las manifestaciones de padres de familia en al menos 3 municipios de la entidad veracruzana, es falso, recalc\u00f3 el alcalde de Veracruz, Fernando Yunes M\u00e1rquez. El edil panista puso como ejemplo que apenas [&hellip;]<\/p>\n","protected":false},"author":1,"featured_media":15932,"comment_status":"open","ping_status":"open","sticky":false,"template":"","format":"standard","meta":{"_jetpack_memberships_contains_paid_content":false,"footnotes":""},"categories":[2],"tags":[],"class_list":["post-15931","post","type-post","status-publish","format-standard","has-post-thumbnail","hentry","category-estado"],"jetpack_featured_media_url":"https:\/\/encuentroinformativo.com.mx\/wp-content\/uploads\/2021\/07\/C41F7371-63E4-48DA-A0EE-37615E898B57.jpeg","jetpack_sharing_enabled":true,"jetpack_likes_enabled":true,"amp_enabled":true,"_links":{"self":[{"href":"https:\/\/encuentroinformativo.com.mx\/index.php?rest_route=\/wp\/v2\/posts\/15931","targetHints":{"allow":["GET"]}}],"collection":[{"href":"https:\/\/encuentroinformativo.com.mx\/index.php?rest_route=\/wp\/v2\/posts"}],"about":[{"href":"https:\/\/encuentroinformativo.com.mx\/index.php?rest_route=\/wp\/v2\/types\/post"}],"author":[{"embeddable":true,"href":"https:\/\/encuentroinformativo.com.mx\/index.php?rest_route=\/wp\/v2\/users\/1"}],"replies":[{"embeddable":true,"href":"https:\/\/encuentroinformativo.com.mx\/index.php?rest_route=%2Fwp%2Fv2%2Fcomments&post=15931"}],"version-history":[{"count":1,"href":"https:\/\/encuentroinformativo.com.mx\/index.php?rest_route=\/wp\/v2\/posts\/15931\/revisions"}],"predecessor-version":[{"id":15933,"href":"https:\/\/encuentroinformativo.com.mx\/index.php?rest_route=\/wp\/v2\/posts\/15931\/revisions\/15933"}],"wp:featuredmedia":[{"embeddable":true,"href":"https:\/\/encuentroinformativo.com.mx\/index.php?rest_route=\/wp\/v2\/media\/15932"}],"wp:attachment":[{"href":"https:\/\/encuentroinformativo.com.mx\/index.php?rest_route=%2Fwp%2Fv2%2Fmedia&parent=15931"}],"wp:term":[{"taxonomy":"category","embeddable":true,"href":"https:\/\/encuentroinformativo.com.mx\/index.php?rest_route=%2Fwp%2Fv2%2Fcategories&post=15931"},{"taxonomy":"post_tag","embeddable":true,"href":"https:\/\/encuentroinformativo.com.mx\/index.php?rest_route=%2Fwp%2Fv2%2Ftags&post=15931"}],"curies":[{"name":"wp","href":"https:\/\/api.w.org\/{rel}","templated":true}]}}