{"id":15934,"date":"2021-07-01T16:13:50","date_gmt":"2021-07-01T21:13:50","guid":{"rendered":"https:\/\/encuentroinformativo.com.mx\/?p=15934"},"modified":"2021-07-01T16:13:53","modified_gmt":"2021-07-01T21:13:53","slug":"por-desaparicion-de-juzgados-abogados-interpondran-amparos","status":"publish","type":"post","link":"https:\/\/encuentroinformativo.com.mx\/?p=15934","title":{"rendered":"Por desaparici\u00f3n de juzgados, abogados interpondr\u00e1n amparos"},"content":{"rendered":"\n<p><strong>Dar\u00edo Pale <\/strong><\/p>\n\n\n\n<p>Xalapa, Ver.- Barras, colegios y federaciones de abogados interpondr\u00e1n juicios de amparo contra desaparici\u00f3n de juzgados, al igual que la desaparici\u00f3n de los juzgados digitales.<\/p>\n\n\n\n<p>En conferencia de prensa realizada en conocido caf\u00e9 del centro de Xalapa, el abogado Valent\u00edn Olmos Alfonso y el abogado Ricardo Morales Carrasco dieron a conocer que debido a la decisi\u00f3n de cerrar 29 juzgados del Poder Judicial, el Colegio de Abogados Juristas, as\u00ed como la Federaci\u00f3n de Abogados del Estado, informaron que otros 20 colegios y barras protestar\u00e1n e interpondr\u00e1n juicios de amparos y amparos colectivos contra esa decisi\u00f3n.<\/p>\n\n\n\n<p>&#8220;Vamos a promover un juicio de amparo porque no es posible que desaparezca este tipo de justicia. Si hay alguna situaci\u00f3n en contra de las personas que est\u00e1n de titulares en los juzgados, est\u00e1n los procedimientos, se les puede indagar, se les puede investigar, es libre, pero si obedece a un simple cambio de r\u00e9gimen pol\u00edtico, es una noticia muy triste&#8221;, se\u00f1alaron.<\/p>\n\n\n\n<p>&#8220;Me dicen que van a promover en diversas partes del Estado juicios de amparo colectivos, yo creo que por lo menos los juzgados digitales los podemos rescatar&#8221;, agreg\u00f3.<br>Afirmaron que el cierre de los juzgados ser\u00e1 sumamente grave, porque la justicia se alejar\u00e1 de los justiciables, &#8220;Supuestamente va a generar un ahorro, porque ya no van a pagar salarios, rentas y dem\u00e1s personal que estaba dentro de la n\u00f3mina del Poder Judicial, pero hacia adelante significar\u00e1 m\u00e1s gasto porque va a sobrecargar m\u00e1s juzgados&#8221;.<\/p>\n\n\n\n<p>&#8220;Tan s\u00f3lo en Coatzacoalcos van a desaparecer cuatro juzgados, el XIV en materia familiar, el XVI en materia familiar, el Mixto de Uxpanapa y el microregional de Las Choapas. Se van a sobrecargar porque todos estos expedientes se van a ir a otros juzgados cercanos, encareciendo la impartici\u00f3n de justicia por el hecho de que se tiene que trasladar una persona&#8221;, inform\u00f3.<\/p>\n\n\n\n<p>Advirti\u00f3 que ni la circular ni la Gaceta Oficial definen el impacto presupuestal que traer\u00e1 el cese de las relaci\u00f3n laborales y de confianza que hay con los jueces a partir de este 1 de julio, ello adem\u00e1s de los secretarios de acuerdo, proyectistas, entre otros.<\/p>\n\n\n\n<p>Asimismo, con relaci\u00f3n a los juzgados digitales, el XVIII de primera instancia, microregional mixto en modalidad digital en Veracruz y el XIV de primera instancia mixto digital en Xalapa, tambi\u00e9n desaparecieron, por lo que cuestion\u00f3 que pasar\u00e1 ya que eran necesarios por la pandemia.<\/p>\n\n\n\n<p>Por su otra parte el Abogado Valentin Olmos expres\u00f3 que la decisi\u00f3n significa un retroceso y m\u00e1s bien es para correr a gente contratada durante el periodo del expresidente Edel Humberto \u00c1lvarez Pe\u00f1a.<\/p>\n\n\n\n<p>En ese sentido, manifest\u00f3 que no puede ser que siga existiendo &#8220;revanchismo&#8221; y enojo por parte de los impartidores de justicia.<br>Finalmente, exigi\u00f3 que haya una real autonom\u00eda, que dejen de meter las manos los poderes Ejecutivo y Legislativo.<\/p>\n","protected":false},"excerpt":{"rendered":"<p>Dar\u00edo Pale Xalapa, Ver.- Barras, colegios y federaciones de abogados interpondr\u00e1n juicios de amparo contra desaparici\u00f3n de juzgados, al igual que la desaparici\u00f3n de los juzgados digitales. En conferencia de prensa realizada en conocido caf\u00e9 del centro de Xalapa, el abogado Valent\u00edn Olmos Alfonso y el abogado Ricardo Morales Carrasco dieron a conocer que debido [&hellip;]<\/p>\n","protected":false},"author":1,"featured_media":15935,"comment_status":"open","ping_status":"open","sticky":false,"template":"","format":"standard","meta":{"_jetpack_memberships_contains_paid_content":false,"footnotes":""},"categories":[2],"tags":[],"class_list":["post-15934","post","type-post","status-publish","format-standard","has-post-thumbnail","hentry","category-estado"],"jetpack_featured_media_url":"https:\/\/encuentroinformativo.com.mx\/wp-content\/uploads\/2021\/07\/56520851-922F-434C-8486-6A1FB75B2DF9.jpeg","jetpack_sharing_enabled":true,"jetpack_likes_enabled":true,"amp_enabled":true,"_links":{"self":[{"href":"https:\/\/encuentroinformativo.com.mx\/index.php?rest_route=\/wp\/v2\/posts\/15934","targetHints":{"allow":["GET"]}}],"collection":[{"href":"https:\/\/encuentroinformativo.com.mx\/index.php?rest_route=\/wp\/v2\/posts"}],"about":[{"href":"https:\/\/encuentroinformativo.com.mx\/index.php?rest_route=\/wp\/v2\/types\/post"}],"author":[{"embeddable":true,"href":"https:\/\/encuentroinformativo.com.mx\/index.php?rest_route=\/wp\/v2\/users\/1"}],"replies":[{"embeddable":true,"href":"https:\/\/encuentroinformativo.com.mx\/index.php?rest_route=%2Fwp%2Fv2%2Fcomments&post=15934"}],"version-history":[{"count":1,"href":"https:\/\/encuentroinformativo.com.mx\/index.php?rest_route=\/wp\/v2\/posts\/15934\/revisions"}],"predecessor-version":[{"id":15936,"href":"https:\/\/encuentroinformativo.com.mx\/index.php?rest_route=\/wp\/v2\/posts\/15934\/revisions\/15936"}],"wp:featuredmedia":[{"embeddable":true,"href":"https:\/\/encuentroinformativo.com.mx\/index.php?rest_route=\/wp\/v2\/media\/15935"}],"wp:attachment":[{"href":"https:\/\/encuentroinformativo.com.mx\/index.php?rest_route=%2Fwp%2Fv2%2Fmedia&parent=15934"}],"wp:term":[{"taxonomy":"category","embeddable":true,"href":"https:\/\/encuentroinformativo.com.mx\/index.php?rest_route=%2Fwp%2Fv2%2Fcategories&post=15934"},{"taxonomy":"post_tag","embeddable":true,"href":"https:\/\/encuentroinformativo.com.mx\/index.php?rest_route=%2Fwp%2Fv2%2Ftags&post=15934"}],"curies":[{"name":"wp","href":"https:\/\/api.w.org\/{rel}","templated":true}]}}