{"id":15937,"date":"2021-07-01T16:19:23","date_gmt":"2021-07-01T21:19:23","guid":{"rendered":"https:\/\/encuentroinformativo.com.mx\/?p=15937"},"modified":"2021-07-01T16:19:27","modified_gmt":"2021-07-01T21:19:27","slug":"condena-diputado-desabasto-de-medicamentos-oncologicos","status":"publish","type":"post","link":"https:\/\/encuentroinformativo.com.mx\/?p=15937","title":{"rendered":"Condena diputado desabasto de medicamentos oncol\u00f3gicos"},"content":{"rendered":"\n<p><strong>Dar\u00edo Pale <\/strong><\/p>\n\n\n\n<p>Xalapa, Ver.- El diputado local Gonzalo Gu\u00edzar Valladares, lament\u00f3 que las autoridades sean negligentes y no adquieran los insumos, esto despu\u00e9s de que los padres de familia de ni\u00f1os y ni\u00f1as enfermos con c\u00e1ncer se manifestaran para exigir medicamentos oncol\u00f3gicos.<\/p>\n\n\n\n<p>En entrevista critic\u00f3 el hecho de que no se tengan f\u00e1rmacos ni a nivel nacional ni estatal, lo que ha generado decesos de menores.<\/p>\n\n\n\n<p>El diputado mencion\u00f3 que existen reportes de que a nivel nacional cada a\u00f1o se registran 5 mil nuevos casos de ni\u00f1os con c\u00e1ncer, pero al mismo tiempo mueren 2 mil 300 menores, muchos de ellos en espera de medicamentos para continuar con sus quimioterapias.<\/p>\n\n\n\n<p>\u201cEn el pa\u00eds, los ni\u00f1os est\u00e1n totalmente carentes de esos medicamentos, se ha convertido en un problema y en una negaci\u00f3n sistem\u00e1tica del gobierno federal de no aceptar su negligencia\u201d, acus\u00f3.<\/p>\n\n\n\n<p>Record\u00f3 que la salud es un derecho humano que debe ser garantizado por las autoridades, algo que no se ha hecho.<\/p>\n\n\n\n<p>Finalmente es de mencionar que el problema de abasto de medicamento oncol\u00f3gico no solo se registra en Veracruz, si no que es un problema a nivel nacional.<\/p>\n","protected":false},"excerpt":{"rendered":"<p>Dar\u00edo Pale Xalapa, Ver.- El diputado local Gonzalo Gu\u00edzar Valladares, lament\u00f3 que las autoridades sean negligentes y no adquieran los insumos, esto despu\u00e9s de que los padres de familia de ni\u00f1os y ni\u00f1as enfermos con c\u00e1ncer se manifestaran para exigir medicamentos oncol\u00f3gicos. En entrevista critic\u00f3 el hecho de que no se tengan f\u00e1rmacos ni a [&hellip;]<\/p>\n","protected":false},"author":1,"featured_media":15938,"comment_status":"open","ping_status":"open","sticky":false,"template":"","format":"standard","meta":{"_jetpack_memberships_contains_paid_content":false,"footnotes":""},"categories":[9],"tags":[],"class_list":["post-15937","post","type-post","status-publish","format-standard","has-post-thumbnail","hentry","category-salud"],"jetpack_featured_media_url":"https:\/\/encuentroinformativo.com.mx\/wp-content\/uploads\/2021\/07\/17B5EA6C-1511-430C-8A6C-5D28B034A623.jpeg","jetpack_sharing_enabled":true,"jetpack_likes_enabled":true,"amp_enabled":true,"_links":{"self":[{"href":"https:\/\/encuentroinformativo.com.mx\/index.php?rest_route=\/wp\/v2\/posts\/15937","targetHints":{"allow":["GET"]}}],"collection":[{"href":"https:\/\/encuentroinformativo.com.mx\/index.php?rest_route=\/wp\/v2\/posts"}],"about":[{"href":"https:\/\/encuentroinformativo.com.mx\/index.php?rest_route=\/wp\/v2\/types\/post"}],"author":[{"embeddable":true,"href":"https:\/\/encuentroinformativo.com.mx\/index.php?rest_route=\/wp\/v2\/users\/1"}],"replies":[{"embeddable":true,"href":"https:\/\/encuentroinformativo.com.mx\/index.php?rest_route=%2Fwp%2Fv2%2Fcomments&post=15937"}],"version-history":[{"count":1,"href":"https:\/\/encuentroinformativo.com.mx\/index.php?rest_route=\/wp\/v2\/posts\/15937\/revisions"}],"predecessor-version":[{"id":15939,"href":"https:\/\/encuentroinformativo.com.mx\/index.php?rest_route=\/wp\/v2\/posts\/15937\/revisions\/15939"}],"wp:featuredmedia":[{"embeddable":true,"href":"https:\/\/encuentroinformativo.com.mx\/index.php?rest_route=\/wp\/v2\/media\/15938"}],"wp:attachment":[{"href":"https:\/\/encuentroinformativo.com.mx\/index.php?rest_route=%2Fwp%2Fv2%2Fmedia&parent=15937"}],"wp:term":[{"taxonomy":"category","embeddable":true,"href":"https:\/\/encuentroinformativo.com.mx\/index.php?rest_route=%2Fwp%2Fv2%2Fcategories&post=15937"},{"taxonomy":"post_tag","embeddable":true,"href":"https:\/\/encuentroinformativo.com.mx\/index.php?rest_route=%2Fwp%2Fv2%2Ftags&post=15937"}],"curies":[{"name":"wp","href":"https:\/\/api.w.org\/{rel}","templated":true}]}}