{"id":1594,"date":"2020-04-03T18:08:35","date_gmt":"2020-04-04T00:08:35","guid":{"rendered":"https:\/\/encuentroinformativo.com\/?p=1594"},"modified":"2020-04-03T18:08:38","modified_gmt":"2020-04-04T00:08:38","slug":"llama-iglesia-a-mantener-tiempo-de-oracion","status":"publish","type":"post","link":"https:\/\/encuentroinformativo.com.mx\/?p=1594","title":{"rendered":"Llama Iglesia a mantener tiempo de oraci\u00f3n"},"content":{"rendered":"\n<p><strong>Dar\u00edo Pale<\/strong><\/p>\n\n\n\n<p>Xalapa, Ver.- Jos\u00e9 Manuel Suazo Reyes, director de la Oficina de Comunicaci\u00f3n Social de la Arquidi\u00f3cesis de Xalapa, dio a conocer que la Arquidi\u00f3cesis se unir\u00e1 este Viernes de Dolores a la Hora Santa Penitencial desde la Catedral de Xalapa y desde todas las parroquias.<\/p>\n\n\n\n<p>\u201cDespu\u00e9s de haber meditado las virtudes del Cast\u00edsimo San Jos\u00e9, le pedimos su intercesi\u00f3n para que todos podamos vivir plenamente estos d\u00edas de reflexi\u00f3n y tengamos un cambio profundo para volver nuestras miradas a Dios, due\u00f1o de todo lo creado\u201d, inform\u00f3.<\/p>\n\n\n\n<p>Dio a conocer que este Viernes de Dolores, la Iglesia convoca a vivir una jornada de ayuno y a participar, por medio de plataformas digitales, en una Hora Santa Penitencial, en la que, a la luz de la Palabra de Dios, se haga un acto de contrici\u00f3n perfecto.<\/p>\n\n\n\n<p>El vocero de la Arquidi\u00f3cesis de Xalapa record\u00f3 que \u00e9ste es el primer viernes de abril y que Jes\u00fas invita a todos a reparar su Sagrado Coraz\u00f3n.<\/p>\n\n\n\n<p>Siguiendo las palabras de los obispos de M\u00e9xico, Jos\u00e9 Manuel Suazo Reyes manifest\u00f3 que \u201cles invitamos a orar, present\u00e1ndonos delante del Se\u00f1or y suplic\u00e1ndole su auxilio a \u00c9l, nuestro intercesor ante el Padre (1Jn. 2, 1-2) en esta grave contingencia que todos sufrimos\u201d.<\/p>\n\n\n\n<p>\u201cCon actitud de humildad y confianza, pidi\u00e9ndole por el perd\u00f3n de nuestros pecados para que nos obtenga la salud espiritual y corporal que todos los pueblos necesitamos\u201d, agreg\u00f3.<\/p>\n\n\n\n<p>La transmisi\u00f3n ser\u00e1 a partir de las 18 horas por medio de las direcciones electr\u00f3nicas de la Arquidi\u00f3cesis de Xalapa (<a rel=\"noreferrer noopener\" href=\"https:\/\/bit.ly\/2X5Yqlt\" target=\"_blank\">https:\/\/bit.ly\/2X5Yqlt<\/a>) y de Shalom Xalapa (<a rel=\"noreferrer noopener\" href=\"https:\/\/bit.ly\/3aMrmmE\" target=\"_blank\">https:\/\/bit.ly\/3aMrmmE<\/a>).<\/p>\n\n\n\n<p><\/p>\n","protected":false},"excerpt":{"rendered":"<p>Dar\u00edo Pale Xalapa, Ver.- Jos\u00e9 Manuel Suazo Reyes, director de la Oficina de Comunicaci\u00f3n Social de la Arquidi\u00f3cesis de Xalapa, dio a conocer que la Arquidi\u00f3cesis se unir\u00e1 este Viernes de Dolores a la Hora Santa Penitencial desde la Catedral de Xalapa y desde todas las parroquias. \u201cDespu\u00e9s de haber meditado las virtudes del Cast\u00edsimo [&hellip;]<\/p>\n","protected":false},"author":1,"featured_media":1595,"comment_status":"open","ping_status":"open","sticky":false,"template":"","format":"standard","meta":{"_jetpack_memberships_contains_paid_content":false,"footnotes":""},"categories":[3],"tags":[],"class_list":["post-1594","post","type-post","status-publish","format-standard","has-post-thumbnail","hentry","category-xalapa"],"jetpack_featured_media_url":"https:\/\/encuentroinformativo.com.mx\/wp-content\/uploads\/2020\/04\/FC866F13-3DAE-4FC4-92B3-0C4022F51B5B.jpeg","jetpack_sharing_enabled":true,"jetpack_likes_enabled":true,"amp_enabled":true,"_links":{"self":[{"href":"https:\/\/encuentroinformativo.com.mx\/index.php?rest_route=\/wp\/v2\/posts\/1594","targetHints":{"allow":["GET"]}}],"collection":[{"href":"https:\/\/encuentroinformativo.com.mx\/index.php?rest_route=\/wp\/v2\/posts"}],"about":[{"href":"https:\/\/encuentroinformativo.com.mx\/index.php?rest_route=\/wp\/v2\/types\/post"}],"author":[{"embeddable":true,"href":"https:\/\/encuentroinformativo.com.mx\/index.php?rest_route=\/wp\/v2\/users\/1"}],"replies":[{"embeddable":true,"href":"https:\/\/encuentroinformativo.com.mx\/index.php?rest_route=%2Fwp%2Fv2%2Fcomments&post=1594"}],"version-history":[{"count":1,"href":"https:\/\/encuentroinformativo.com.mx\/index.php?rest_route=\/wp\/v2\/posts\/1594\/revisions"}],"predecessor-version":[{"id":1596,"href":"https:\/\/encuentroinformativo.com.mx\/index.php?rest_route=\/wp\/v2\/posts\/1594\/revisions\/1596"}],"wp:featuredmedia":[{"embeddable":true,"href":"https:\/\/encuentroinformativo.com.mx\/index.php?rest_route=\/wp\/v2\/media\/1595"}],"wp:attachment":[{"href":"https:\/\/encuentroinformativo.com.mx\/index.php?rest_route=%2Fwp%2Fv2%2Fmedia&parent=1594"}],"wp:term":[{"taxonomy":"category","embeddable":true,"href":"https:\/\/encuentroinformativo.com.mx\/index.php?rest_route=%2Fwp%2Fv2%2Fcategories&post=1594"},{"taxonomy":"post_tag","embeddable":true,"href":"https:\/\/encuentroinformativo.com.mx\/index.php?rest_route=%2Fwp%2Fv2%2Ftags&post=1594"}],"curies":[{"name":"wp","href":"https:\/\/api.w.org\/{rel}","templated":true}]}}