{"id":15947,"date":"2021-07-02T09:31:41","date_gmt":"2021-07-02T14:31:41","guid":{"rendered":"https:\/\/encuentroinformativo.com.mx\/?p=15947"},"modified":"2021-07-02T09:31:46","modified_gmt":"2021-07-02T14:31:46","slug":"tres-anos-de-la-victoria","status":"publish","type":"post","link":"https:\/\/encuentroinformativo.com.mx\/?p=15947","title":{"rendered":"Tres a\u00f1os de la victoria"},"content":{"rendered":"\n<p><strong>Los Pol\u00edticos<\/strong><\/p>\n\n\n\n<p><strong>Salvador Mu\u00f1oz<\/strong><\/p>\n\n\n\n<p>Por supuesto que los seguidores de Andr\u00e9s Manuel L\u00f3pez Obrador tienen que celebrar los tres a\u00f1os de haber triunfado en las urnas\u2026 es lo \u00fanico que se puede celebrar\u2026 algo m\u00e1s, no, o depende, desde el cristal con que se mire\u2026&nbsp;<\/p>\n\n\n\n<p>Por ejemplo, en estos tres a\u00f1os me he vuelto m\u00e1s cristiano, por el infierno en que hemos vivido por la crisis de salud que acompa\u00f1\u00f3 a la econ\u00f3mica.<\/p>\n\n\n\n<p>Bueno, la Transformaci\u00f3n religiosa no ha sido la \u00fanica que se percibe\u2026 la oposici\u00f3n por citar un caso, desde que inici\u00f3 el Gobierno de AMLO, duerme como beb\u00e9\u2026 cada tres horas se despierta llorando y cagada de coraje.<\/p>\n\n\n\n<p>Por cierto, c\u00f3mo es posible que un Presidente que se dice Cristiano \u00a1gobierna como El Kik\u00edn!<\/p>\n\n\n\n<p>Tenemos un presidente optimista que piensa que el campo mexicano ha crecido cuando le dicen que hay masacres\u2026 \u00e9l escucha m\u00e1s acres\u2026<\/p>\n\n\n\n<p>No es por la edad que tiene nuestro presidente L\u00f3pez Obrador, para decir que est\u00e1 \u201cChapado\u201d a la antigua&#8230; sino por el saludo que le dio a la mam\u00e1 del Chapo.<\/p>\n\n\n\n<p>El escepticismo que tiene para la manifestaci\u00f3n de padres de ni\u00f1os con c\u00e1ncer es comprensible\u2026 piensa que debe haber m\u00e1s ni\u00f1os con Leo, con Capricornio, con Aries que requieren igual atenci\u00f3n y no se quejan.<\/p>\n\n\n\n<p>Hablando de quejas: Sale una nota donde un reportero se queja de que un asesor de AMLO lo empuj\u00f3, lo que por supuesto, en el Qui\u00e9n es Qui\u00e9n en las mentiras, fue desmentido: un asesor es para orientar y es evidente que no tiene quien lo oriente.<\/p>\n\n\n\n<p>El Cambio que prometi\u00f3 Andr\u00e9s Manuel L\u00f3pez Obrador es s\u00f3lo cuesti\u00f3n ortogr\u00e1fica\u2026 de \u201cEl Cambio\u201d pas\u00f3 a \u201c\u00c9l Cambi\u00f3\u201d&#8230;<\/p>\n\n\n\n<p>Un poco parecido a su \u201cAbrazos, no balazos\u201d que ahora se lee as\u00ed: \u201cAbrazos no, balazos!\u201d<\/p>\n\n\n\n<p>Siendo sinceros, podemos considerar que Andr\u00e9s Manuel acab\u00f3 con la corrupci\u00f3n\u2026 aplica la ley cuando se trata de sus adversarios y la hace legal cuando se trata de los suyos.<\/p>\n\n\n\n<p>Le critican por haber nacido en el PRI, pero \u00e9l conform\u00f3 la Corriente Democr\u00e1tica al interior de ese partido\u2026 hoy en d\u00eda, dej\u00f3 a un lado lo Democr\u00e1tica para ser s\u00f3lo un Corriente.<\/p>\n\n\n\n<p>\u00bfPor qu\u00e9 opta L\u00f3pez Obrador por una Consulta? Porque ya no aguanta una Elecci\u00f3n\u2026 luego les explico.<\/p>\n\n\n\n<p>\u00a1Los chairos! \u00a1los chairos! Ac\u00e1 en Veracruz hay algunos que empezaron a hacer una colecta para regalarle un traje de buzo al Presidente y de paso otro al Gobernador\u2026 es que escucharon que en el fondo, no son tan pendejos\u2026<\/p>\n\n\n\n<p>\u00bfRecuerdan que al inicio del sexenio L\u00f3pez Obrador usaba un auto de la marca Volkswagen? Pues lo dej\u00f3 cuando empezaron a correr los rumores de que su esposa siempre andaba de \u201cJetta\u201d, y sus hijos eran catalogados como \u201cGolfos\u201d.<\/p>\n\n\n\n<p>En pocas palabras, qu\u00e9 bueno que celebren los tres a\u00f1os de la victoria en las urnas\u2026 \u00a1en verdad qu\u00e9 bueno! porque es lo \u00fanico que tienen que celebrar\u2026<\/p>\n\n\n\n<p><a>smcainito@gmail.com<\/a><\/p>\n","protected":false},"excerpt":{"rendered":"<p>Los Pol\u00edticos Salvador Mu\u00f1oz Por supuesto que los seguidores de Andr\u00e9s Manuel L\u00f3pez Obrador tienen que celebrar los tres a\u00f1os de haber triunfado en las urnas\u2026 es lo \u00fanico que se puede celebrar\u2026 algo m\u00e1s, no, o depende, desde el cristal con que se mire\u2026&nbsp; Por ejemplo, en estos tres a\u00f1os me he vuelto m\u00e1s [&hellip;]<\/p>\n","protected":false},"author":1,"featured_media":70,"comment_status":"open","ping_status":"open","sticky":false,"template":"","format":"standard","meta":{"_jetpack_memberships_contains_paid_content":false,"footnotes":""},"categories":[11],"tags":[],"class_list":["post-15947","post","type-post","status-publish","format-standard","has-post-thumbnail","hentry","category-opinion"],"jetpack_featured_media_url":"https:\/\/encuentroinformativo.com.mx\/wp-content\/uploads\/2020\/02\/opinion-invitado.jpg","jetpack_sharing_enabled":true,"jetpack_likes_enabled":true,"amp_enabled":true,"_links":{"self":[{"href":"https:\/\/encuentroinformativo.com.mx\/index.php?rest_route=\/wp\/v2\/posts\/15947","targetHints":{"allow":["GET"]}}],"collection":[{"href":"https:\/\/encuentroinformativo.com.mx\/index.php?rest_route=\/wp\/v2\/posts"}],"about":[{"href":"https:\/\/encuentroinformativo.com.mx\/index.php?rest_route=\/wp\/v2\/types\/post"}],"author":[{"embeddable":true,"href":"https:\/\/encuentroinformativo.com.mx\/index.php?rest_route=\/wp\/v2\/users\/1"}],"replies":[{"embeddable":true,"href":"https:\/\/encuentroinformativo.com.mx\/index.php?rest_route=%2Fwp%2Fv2%2Fcomments&post=15947"}],"version-history":[{"count":1,"href":"https:\/\/encuentroinformativo.com.mx\/index.php?rest_route=\/wp\/v2\/posts\/15947\/revisions"}],"predecessor-version":[{"id":15948,"href":"https:\/\/encuentroinformativo.com.mx\/index.php?rest_route=\/wp\/v2\/posts\/15947\/revisions\/15948"}],"wp:featuredmedia":[{"embeddable":true,"href":"https:\/\/encuentroinformativo.com.mx\/index.php?rest_route=\/wp\/v2\/media\/70"}],"wp:attachment":[{"href":"https:\/\/encuentroinformativo.com.mx\/index.php?rest_route=%2Fwp%2Fv2%2Fmedia&parent=15947"}],"wp:term":[{"taxonomy":"category","embeddable":true,"href":"https:\/\/encuentroinformativo.com.mx\/index.php?rest_route=%2Fwp%2Fv2%2Fcategories&post=15947"},{"taxonomy":"post_tag","embeddable":true,"href":"https:\/\/encuentroinformativo.com.mx\/index.php?rest_route=%2Fwp%2Fv2%2Ftags&post=15947"}],"curies":[{"name":"wp","href":"https:\/\/api.w.org\/{rel}","templated":true}]}}