{"id":15949,"date":"2021-07-02T09:38:36","date_gmt":"2021-07-02T14:38:36","guid":{"rendered":"https:\/\/encuentroinformativo.com.mx\/?p=15949"},"modified":"2021-07-02T09:38:40","modified_gmt":"2021-07-02T14:38:40","slug":"ya-no-quieren-a-alito","status":"publish","type":"post","link":"https:\/\/encuentroinformativo.com.mx\/?p=15949","title":{"rendered":"\u00bfYA NO QUIEREN A ALITO?"},"content":{"rendered":"\n<p><strong>@pablojair<\/strong><\/p>\n\n\n\n<ul class=\"wp-block-list\"><li>Colosio le pinta mocos a Dante.<\/li><li>Cuitl\u00e1huac habla de Sheinbaum.<\/li><li>Yair celebra anuncio del gober.<\/li><\/ul>\n\n\n\n<p>Dicen en la tropa que est\u00e1n raros los hechos violentos\u2026<br>Que parecen reacomodos de la malandrada\u2026<br>\u00bfSer\u00e1 que vienen jefes nuevos?<br>\u2014Chopenjawer<\/p>\n\n\n\n<p>Al parecer est\u00e1 naciendo otra crisis en el PRI nacional.<\/p>\n\n\n\n<p>Este martes, un grupo de militantes del Partido Revolucionario Institucional tom\u00f3 las instalaciones del Comit\u00e9 Ejecutivo Nacional (una explanada grand\u00edsima con varios edificios que ser\u00eda bueno saber c\u00f3mo van a mantener) para demandar la renuncia de su dirigente Alejandro Moreno, \u201cAlito\u201d.<\/p>\n\n\n\n<p>Si bien la cantaleta de la oposici\u00f3n ha sido que se rest\u00f3 poder a Morena, en los hechos parece ser que a los pri\u00edstas no les gustaron los n\u00fameros que entreg\u00f3 la dirigencia nacional en las pasadas elecciones, pese a ser uno de los partidos que se recuper\u00f3 un poco m\u00e1s en cuanto a curules de diputados federales.<\/p>\n\n\n\n<p>El problema es que los legisladores no manejan u operan tantos recursos como s\u00ed representan las alcald\u00edas y especialmente las gubernaturas, las cuales no ganaron ninguna, ni siquiera el estado natal Alejandro Moreno.<\/p>\n\n\n\n<p>Los diputados federales no cargan con muchos colaboradores cercanos; son equipos de trabajo peque\u00f1os y a pocos a los que realmente pueden dar trabajo, salvo recomendaciones en ayuntamientos, comit\u00e9s del partido, algunas dependencias de amigos, etc.<\/p>\n\n\n\n<p>En este sentido, el PRI \u2014como cualquier partido\u2014 dif\u00edcilmente podr\u00eda sostenerse ante la ausencia de recursos que muchas veces provienen de gubernaturas, alcald\u00edas o sindicatos.<\/p>\n\n\n\n<p>De entrada, en el millonario sindicato petrolero \u2014que aportaba un mundo de lana para las campa\u00f1as pol\u00edticas\u2014 dice la vox populi que los l\u00edderes ya est\u00e1n en acuerdo con el actual gobierno de Morena en el poder, sin querer confrontarse.<\/p>\n\n\n\n<p>Un ejemplo claro en Veracruz es Minatitl\u00e1n, donde desapareci\u00f3 lo que fue considerado uno de los mejores comit\u00e9s municipales del PRI en el pa\u00eds, con una maquinaria bien aceitada, estructura bien formada y los recursos millonarios provenientes de la Secci\u00f3n 10 del sindicato petrolero. En las recientes elecciones, todo ese poder\u00edo que hab\u00eda del PRI (donde el l\u00edder del sindicato pr\u00e1cticamente dirig\u00eda todo) se desvaneci\u00f3.<\/p>\n\n\n\n<p>Ahora la crisis naciente en el PRI es que \u201cAlito\u201d dif\u00edcilmente podr\u00eda sostenerse por aparente falta de liderazgo y de resultados viables para justificar su permanencia. Tampoco habr\u00eda que dejar de mencionar que tambi\u00e9n entre pri\u00edstas nunca faltan las patadas bajo la mesa y los grupos que buscar\u00edan tirar la actual dirigencia porque as\u00ed conviene a sus intereses.<\/p>\n\n\n\n<p>Por eso se\u00f1alan con todo a Ulises Ruiz, el exgobernador oaxaque\u00f1o y uno de los pri\u00edstas m\u00e1s cr\u00edticos al interior del tricolor.<\/p>\n\n\n\n<p>Mientras son peras o manzanas, habr\u00e1 qu\u00e9 ver en el futuro inmediato si realmente el PRI lograr\u00e1 beneficiarse de la alianza tripartita que hizo del PAN y el PRD, los cuales tambi\u00e9n tienen compromisos propios con sus bases y militancia (su estructura, pues), a quienes seguramente les dar\u00e1n preferencia para cargos en los Ayuntamientos donde tienen mayor influencia, para darle al priismo si acaso un huesito para roer.<\/p>\n\n\n\n<p><strong>NOTA PARA PEGAR EN EL REFRI: <\/strong>Si bien Movimiento Ciudadano pareciera que creci\u00f3 en las pasadas elecciones, ahora est\u00e1n brotando situaciones que parecen indicar que los tiros le han salido por la culata al due\u00f1o del partido, Dante Delgado Rannauro. De entrada, el asesinato del candidato a la alcald\u00eda de Cazones de Herrera, Ren\u00e9 Tovar, presuntamente asesinado por su suplente Omar \u201cN\u201d, quien fue trasladado a un penal federal de Oaxaca\u2026 Eran tan fuertes los rumores de los habitantes de Cazones sobre los se\u00f1alamientos, que a Omar \u201cN\u201d no lo quer\u00edan de alcalde, pero no se sab\u00eda el porqu\u00e9 hasta que fue capturado luego de las investigaciones de la Fiscal\u00eda. En este caso, el mismo Dante se rasg\u00f3 las vestiduras por la violencia y su propio partido puso al presunto homicida como candidato\u2026 Eso ac\u00e1 en Veracruz, pero all\u00e1 en Monterrey, al norte del pa\u00eds, el que se deslind\u00f3 esta semana de Movimiento Ciudadano fue Luis Donaldo Colosio, alcalde electo de esa ciudad (hijo del m\u00e1rtir pri\u00edsta asesinado en 1994), quien de plano pint\u00f3 su raya del partido naranja y afirm\u00f3 que no se siente en deuda con el partido fundado por Dante Delgado\u2026 \u00a1Moooookos!<\/p>\n\n\n\n<p><strong>OTRA NOTA:<\/strong> Justamente este 1 de julio se cumplieron 3 a\u00f1os del triunfo del gobernador Cuitl\u00e1huac Garc\u00eda Jim\u00e9nez en Veracruz, lo que hizo que el estado entrara a una nueva etapa realmente de cambios (el mini gobierno de Yunes s\u00f3lo trajo a los mismos viejos pol\u00edticos de siempre ya conocidos y a los amiguis de su bodoque el mayorcito)\u2026 Pero no s\u00f3lo fue la celebraci\u00f3n de Veracruz, sino que a nivel nacional los morenos fueron a celebrar al Auditorio Nacional \u2014en una especie de asamblea\u2014 donde comentan que hubo un sector que se le fue en contra al presidente nacional de Morena, Mario Delgado, pues al parecer all\u00e1 en la CDMX no superan el que se hayan perdido muchas alcald\u00edas y que el basti\u00f3n m\u00e1s importante del lopezobradorismo haya quedado dividido; aunado a eso, a la que ya de plano destaparon para presidenta fue a Claudia Sheinbaum\u2026 Sobre este tema fue entrevistado el gobernador Cuitl\u00e1huac Garc\u00eda: \u201cHay que esperar. Claudia es de los mejores perfiles que tenemos. Es una excelente mujer. Esto qu\u00e9 pas\u00f3 en la Ciudad de M\u00e9xico es circunstancial porque el gran trabajo de ella est\u00e1 marcando la ciudad; y lo vamos a ver, s\u00f3lo hay que esperar nom\u00e1s. Ver\u00e1n cuando ella d\u00e9 sus informes y est\u00e9 avanzando con grandes resultados. Una gran compa\u00f1era, alguien quien se le quiere mucho y ah\u00ed se vio (en el Auditorio) el gran cari\u00f1o que se le tiene\u201d.<\/p>\n\n\n\n<p><strong>LA \u00daLTIMA PORQUE YA ES VIERNES: <\/strong>El secretario de Organizaci\u00f3n del Comit\u00e9 Ejecutivo Estatal de Morena, Yair Ademar Dom\u00ednguez V\u00e1zquez, celebr\u00f3 el anuncio del gobernador Cuitl\u00e1huac Garc\u00eda qui\u00e9n en coordinaci\u00f3n con la Federaci\u00f3n informaron que la zona de Tierra Blanca contar\u00e1 con una inversi\u00f3n por m\u00e1s de 3 mil millones de pesos por parte del grupo Modelo, la cual generar\u00e1 nuevos empleos y empleos temporales en la regi\u00f3n\u2026 \u201cEsto es prueba del arduo compromiso, del constante trabajo que est\u00e1 realizando esta administraci\u00f3n estatal y el Gobernador Cuitl\u00e1huac Garc\u00eda para generar mejores condiciones y beneficios para todas y todos los veracruzanos, para que tengamos m\u00e1s y mejores oportunidades y un mejor futuro\u201d. Dom\u00ednguez V\u00e1zquez reconoci\u00f3 que el trabajo del Gobierno de Veracruz en materia de seguridad brinda frutos, pues se cuenta con la confianza de empresarios para generar inversiones en Veracruz.<\/p>\n","protected":false},"excerpt":{"rendered":"<p>@pablojair Colosio le pinta mocos a Dante. Cuitl\u00e1huac habla de Sheinbaum. Yair celebra anuncio del gober. Dicen en la tropa que est\u00e1n raros los hechos violentos\u2026Que parecen reacomodos de la malandrada\u2026\u00bfSer\u00e1 que vienen jefes nuevos?\u2014Chopenjawer Al parecer est\u00e1 naciendo otra crisis en el PRI nacional. Este martes, un grupo de militantes del Partido Revolucionario Institucional [&hellip;]<\/p>\n","protected":false},"author":1,"featured_media":488,"comment_status":"open","ping_status":"open","sticky":false,"template":"","format":"standard","meta":{"_jetpack_memberships_contains_paid_content":false,"footnotes":""},"categories":[11],"tags":[],"class_list":["post-15949","post","type-post","status-publish","format-standard","has-post-thumbnail","hentry","category-opinion"],"jetpack_featured_media_url":"https:\/\/encuentroinformativo.com.mx\/wp-content\/uploads\/2020\/03\/F471F608-BA1A-416B-BA7B-BCFB24F4E6D0.jpeg","jetpack_sharing_enabled":true,"jetpack_likes_enabled":true,"amp_enabled":true,"_links":{"self":[{"href":"https:\/\/encuentroinformativo.com.mx\/index.php?rest_route=\/wp\/v2\/posts\/15949","targetHints":{"allow":["GET"]}}],"collection":[{"href":"https:\/\/encuentroinformativo.com.mx\/index.php?rest_route=\/wp\/v2\/posts"}],"about":[{"href":"https:\/\/encuentroinformativo.com.mx\/index.php?rest_route=\/wp\/v2\/types\/post"}],"author":[{"embeddable":true,"href":"https:\/\/encuentroinformativo.com.mx\/index.php?rest_route=\/wp\/v2\/users\/1"}],"replies":[{"embeddable":true,"href":"https:\/\/encuentroinformativo.com.mx\/index.php?rest_route=%2Fwp%2Fv2%2Fcomments&post=15949"}],"version-history":[{"count":1,"href":"https:\/\/encuentroinformativo.com.mx\/index.php?rest_route=\/wp\/v2\/posts\/15949\/revisions"}],"predecessor-version":[{"id":15950,"href":"https:\/\/encuentroinformativo.com.mx\/index.php?rest_route=\/wp\/v2\/posts\/15949\/revisions\/15950"}],"wp:featuredmedia":[{"embeddable":true,"href":"https:\/\/encuentroinformativo.com.mx\/index.php?rest_route=\/wp\/v2\/media\/488"}],"wp:attachment":[{"href":"https:\/\/encuentroinformativo.com.mx\/index.php?rest_route=%2Fwp%2Fv2%2Fmedia&parent=15949"}],"wp:term":[{"taxonomy":"category","embeddable":true,"href":"https:\/\/encuentroinformativo.com.mx\/index.php?rest_route=%2Fwp%2Fv2%2Fcategories&post=15949"},{"taxonomy":"post_tag","embeddable":true,"href":"https:\/\/encuentroinformativo.com.mx\/index.php?rest_route=%2Fwp%2Fv2%2Ftags&post=15949"}],"curies":[{"name":"wp","href":"https:\/\/api.w.org\/{rel}","templated":true}]}}