{"id":15951,"date":"2021-07-02T09:44:47","date_gmt":"2021-07-02T14:44:47","guid":{"rendered":"https:\/\/encuentroinformativo.com.mx\/?p=15951"},"modified":"2021-07-02T09:44:51","modified_gmt":"2021-07-02T14:44:51","slug":"reclaman-organizaciones-falta-de-titular-en-el-ivm","status":"publish","type":"post","link":"https:\/\/encuentroinformativo.com.mx\/?p=15951","title":{"rendered":"Reclaman organizaciones falta de titular en el IVM"},"content":{"rendered":"\n<p><strong>Alejandro \u00c1vila<\/strong><\/p>\n\n\n\n<p>Veracruz, Ver. \u2013 Diversas Asociaciones Civiles de Veracruz emitieron un comunicado este jueves 1 de julio donde acusan a la Fiscal\u00eda General del Estado de Veracruz (FGE) por el mal proceder en el caso del aborto de una mujer en el municipio de Oluta, donde se\u00f1alan existe una violaci\u00f3n a los derechos de la mujer.<\/p>\n\n\n\n<p>De la misma manera, en el documento puntualizan que el Gobierno del Estado tiene dos a\u00f1os sin nombrar a una titular del Instituto Veracruzano de la Mujer, ocasionando una falta de apoyo a miles de mujeres en la entidad veracruzana; adem\u00e1s de incumplir con las Alertas de Violencia de G\u00e9nero que pesan sobre Veracruz.<\/p>\n\n\n\n<p>\u201cLa Fiscal\u00eda General del Estado no puede eximirse que tiene de tratar los casos de violencia y aborto con apego a derechos humanos, respetando en todo momento la presunci\u00f3n de inocencia de las mujeres, evitando la revictimizaci\u00f3n y criminalizaci\u00f3n en casos relacionados. Es trabajo de la Fiscal\u00eda proceder conforme a derecho realizando las investigaciones correspondientes con total imparcialidad.<\/p>\n\n\n\n<p>La acci\u00f3n de la Fiscal\u00eda no solo demuestra la falta de sensibilidad y capacitaci\u00f3n en el tratamiento de los casos que ameritan perspectiva de g\u00e9nero, sino que significan una grave falta institucional al generar opini\u00f3n tendenciosa estigmatizada a las mujeres que abortan, haciendo juicios previos, culpabiliz\u00e1ndola de los hechos sin que haya concluido la investigaci\u00f3n, con una intenci\u00f3n mis\u00f3gina sin que haya concluido el proceso a sus garant\u00edas judiciales y sus derechos humanos fundamentales\u201d, menciona el escrito.<\/p>\n\n\n\n<p>Cabe se\u00f1alar que desde haca aproximadamente un mes, una mujer de Oluta permanece presa tras sufrir un aborto en un centro comercial, a la cual se le abri\u00f3 una carpeta de investigaci\u00f3n por homicidio doloso; aunque familiares y amigos se\u00f1alan, que esta situaci\u00f3n se debi\u00f3 a la violencia domestica que ella sufr\u00eda.<\/p>\n\n\n\n<p>En el mismo escrito, se exhorta al gobernador del Estado, Cuitl\u00e1huac Garc\u00eda Jim\u00e9nez, y al secretario de Gobierno, Eric Patrocinio Cisneros Burgos, a cumplir con la Ley 613 y nombrar una titular del Instituto Veracruzano de la Mujer que, desde mayo del 2019 se encuentra ac\u00e9fala.<\/p>\n\n\n\n<p>Exponen que esta situaci\u00f3n ha tra\u00eddo despidos injustificados de personal capacitado, usos inadecuados de recursos materiales de la instancia; aunado a ello, no se ha logrado reducir la incidencia de cr\u00edmenes violentos contra la mujer en el Estado, y se carece de perspectiva de g\u00e9nero en diversos casos, donde se implican an\u00e1lisis de las circunstancias del entorno adverso al que se enfrentan las mujeres, ejemplo claro, la prisi\u00f3n que sufre la mujer en el municipio de Oluta.<\/p>\n","protected":false},"excerpt":{"rendered":"<p>Alejandro \u00c1vila Veracruz, Ver. \u2013 Diversas Asociaciones Civiles de Veracruz emitieron un comunicado este jueves 1 de julio donde acusan a la Fiscal\u00eda General del Estado de Veracruz (FGE) por el mal proceder en el caso del aborto de una mujer en el municipio de Oluta, donde se\u00f1alan existe una violaci\u00f3n a los derechos de [&hellip;]<\/p>\n","protected":false},"author":1,"featured_media":15952,"comment_status":"open","ping_status":"open","sticky":false,"template":"","format":"standard","meta":{"_jetpack_memberships_contains_paid_content":false,"footnotes":""},"categories":[2],"tags":[],"class_list":["post-15951","post","type-post","status-publish","format-standard","has-post-thumbnail","hentry","category-estado"],"jetpack_featured_media_url":"https:\/\/encuentroinformativo.com.mx\/wp-content\/uploads\/2021\/07\/BB47B70E-9966-4520-94F3-1F3729AA25C6.jpeg","jetpack_sharing_enabled":true,"jetpack_likes_enabled":true,"amp_enabled":true,"_links":{"self":[{"href":"https:\/\/encuentroinformativo.com.mx\/index.php?rest_route=\/wp\/v2\/posts\/15951","targetHints":{"allow":["GET"]}}],"collection":[{"href":"https:\/\/encuentroinformativo.com.mx\/index.php?rest_route=\/wp\/v2\/posts"}],"about":[{"href":"https:\/\/encuentroinformativo.com.mx\/index.php?rest_route=\/wp\/v2\/types\/post"}],"author":[{"embeddable":true,"href":"https:\/\/encuentroinformativo.com.mx\/index.php?rest_route=\/wp\/v2\/users\/1"}],"replies":[{"embeddable":true,"href":"https:\/\/encuentroinformativo.com.mx\/index.php?rest_route=%2Fwp%2Fv2%2Fcomments&post=15951"}],"version-history":[{"count":1,"href":"https:\/\/encuentroinformativo.com.mx\/index.php?rest_route=\/wp\/v2\/posts\/15951\/revisions"}],"predecessor-version":[{"id":15953,"href":"https:\/\/encuentroinformativo.com.mx\/index.php?rest_route=\/wp\/v2\/posts\/15951\/revisions\/15953"}],"wp:featuredmedia":[{"embeddable":true,"href":"https:\/\/encuentroinformativo.com.mx\/index.php?rest_route=\/wp\/v2\/media\/15952"}],"wp:attachment":[{"href":"https:\/\/encuentroinformativo.com.mx\/index.php?rest_route=%2Fwp%2Fv2%2Fmedia&parent=15951"}],"wp:term":[{"taxonomy":"category","embeddable":true,"href":"https:\/\/encuentroinformativo.com.mx\/index.php?rest_route=%2Fwp%2Fv2%2Fcategories&post=15951"},{"taxonomy":"post_tag","embeddable":true,"href":"https:\/\/encuentroinformativo.com.mx\/index.php?rest_route=%2Fwp%2Fv2%2Ftags&post=15951"}],"curies":[{"name":"wp","href":"https:\/\/api.w.org\/{rel}","templated":true}]}}