{"id":15954,"date":"2021-07-02T11:07:57","date_gmt":"2021-07-02T16:07:57","guid":{"rendered":"https:\/\/encuentroinformativo.com.mx\/?p=15954"},"modified":"2021-07-02T11:08:00","modified_gmt":"2021-07-02T16:08:00","slug":"grupo-los-caracoles-prestan-autobus-a-madres-del-hospital-infantil","status":"publish","type":"post","link":"https:\/\/encuentroinformativo.com.mx\/?p=15954","title":{"rendered":"Grupo Los Caracoles prestan autob\u00fas a madres del Hospital Infantil"},"content":{"rendered":"\n<p><strong>Alejandro \u00c1vila<\/strong><\/p>\n\n\n\n<p>Veracruz, Ver.- La agrupaci\u00f3n m\u00fasical &#8220;Los Caracoles&#8221; acudi\u00f3 esta madrugada de viernes al Hospital Infantil de Veracruz, donde madres de ni\u00f1os con c\u00e1ncer mantienen un plant\u00f3n debido a la falta de m\u00e9dicamentos oncol\u00f3gicos, los xalape\u00f1os entregaron en pr\u00e9stamo su autob\u00fas, para que \u00e9stas  pudieran dormir en un lugar m\u00e1s comodo y no al aire libre.<\/p>\n\n\n\n<p>Roberto Contreras &#8220;Sombra&#8221; integrante del conjunto musical, fue quien entreg\u00f3 la unidad a los padres de familia y les dijo que les dejar\u00e1n el autobus durante el fin de semana, esperando que su situaci\u00f3n se resuelva antes del domingo.<\/p>\n\n\n\n<p>Les explicaron que el autobus cuenta con 12 camas para que las utilicen las madres de familia para descansar, tiene un comedor que pueden ocupar y si consiguieran alguien que les preste energ\u00eda el\u00e9ctrica donde conectarse, el aire acondicionado puede estar prendido todo el d\u00eda para su mayor comodidad.<\/p>\n\n\n\n<p>Yunuet Segovia Garc\u00eda fue quien transmiti\u00f3  en vivo la madrugada de este viernes la donaci\u00f3n del autob\u00fas, y agradecieron el gesto, pues de esta manera podr\u00e1n descansar las madres para tener m\u00e1s energ\u00edas para las guardias que est\u00e1n montando.<\/p>\n\n\n\n<p>&#8220;Esta es nuestra casa, esta es la casa de los Caracoles cuando est\u00e1 de gira. Pero cada vez que sale algo que nos toca el coraz\u00f3n y que Dios nos dice que ayudemos, nosotros lo ponemos de coraz\u00f3n&#8221;, se\u00f1al\u00f3 &#8220;La Sombra&#8221;.<\/p>\n\n\n\n<p>Al cuidado del autobus a disposici\u00f3n de las madres de familia se qued\u00f3 &#8220;La Rana&#8221;, chofer del cami\u00f3n, quien dijo estar dispuesto a brindar todo el apoyo.<\/p>\n\n\n\n<p>Finalmente, las madres de familia se\u00f1alaron que tras tres d\u00edas de manifestaci\u00f3n y plant\u00f3n, ninguna autoridad de Gobierno del Estado se ha acercado a dialogar con ellos, aunque el Ayuntamiento de Veracruz ha entregado alimentos, bebidas y cobijas en apoyo para continuar con su protesta.<\/p>\n\n\n\n<figure class=\"wp-block-image size-large\"><img loading=\"lazy\" decoding=\"async\" width=\"1024\" height=\"576\" src=\"https:\/\/encuentroinformativo.com.mx\/wp-content\/uploads\/2021\/07\/32A28512-6DCE-46F7-A1C0-061FA80CEBEA-1024x576.jpeg\" alt=\"\" class=\"wp-image-15956\" srcset=\"https:\/\/encuentroinformativo.com.mx\/wp-content\/uploads\/2021\/07\/32A28512-6DCE-46F7-A1C0-061FA80CEBEA-1024x576.jpeg 1024w, https:\/\/encuentroinformativo.com.mx\/wp-content\/uploads\/2021\/07\/32A28512-6DCE-46F7-A1C0-061FA80CEBEA-300x169.jpeg 300w, https:\/\/encuentroinformativo.com.mx\/wp-content\/uploads\/2021\/07\/32A28512-6DCE-46F7-A1C0-061FA80CEBEA-768x432.jpeg 768w, https:\/\/encuentroinformativo.com.mx\/wp-content\/uploads\/2021\/07\/32A28512-6DCE-46F7-A1C0-061FA80CEBEA.jpeg 1280w\" sizes=\"auto, (max-width: 1024px) 100vw, 1024px\" \/><\/figure>\n","protected":false},"excerpt":{"rendered":"<p>Alejandro \u00c1vila Veracruz, Ver.- La agrupaci\u00f3n m\u00fasical &#8220;Los Caracoles&#8221; acudi\u00f3 esta madrugada de viernes al Hospital Infantil de Veracruz, donde madres de ni\u00f1os con c\u00e1ncer mantienen un plant\u00f3n debido a la falta de m\u00e9dicamentos oncol\u00f3gicos, los xalape\u00f1os entregaron en pr\u00e9stamo su autob\u00fas, para que \u00e9stas pudieran dormir en un lugar m\u00e1s comodo y no al [&hellip;]<\/p>\n","protected":false},"author":1,"featured_media":15955,"comment_status":"open","ping_status":"open","sticky":false,"template":"","format":"standard","meta":{"_jetpack_memberships_contains_paid_content":false,"footnotes":""},"categories":[2],"tags":[],"class_list":["post-15954","post","type-post","status-publish","format-standard","has-post-thumbnail","hentry","category-estado"],"jetpack_featured_media_url":"https:\/\/encuentroinformativo.com.mx\/wp-content\/uploads\/2021\/07\/B6A4BD3C-E2E8-40D7-B385-B2A5D7D5990A.jpeg","jetpack_sharing_enabled":true,"jetpack_likes_enabled":true,"amp_enabled":true,"_links":{"self":[{"href":"https:\/\/encuentroinformativo.com.mx\/index.php?rest_route=\/wp\/v2\/posts\/15954","targetHints":{"allow":["GET"]}}],"collection":[{"href":"https:\/\/encuentroinformativo.com.mx\/index.php?rest_route=\/wp\/v2\/posts"}],"about":[{"href":"https:\/\/encuentroinformativo.com.mx\/index.php?rest_route=\/wp\/v2\/types\/post"}],"author":[{"embeddable":true,"href":"https:\/\/encuentroinformativo.com.mx\/index.php?rest_route=\/wp\/v2\/users\/1"}],"replies":[{"embeddable":true,"href":"https:\/\/encuentroinformativo.com.mx\/index.php?rest_route=%2Fwp%2Fv2%2Fcomments&post=15954"}],"version-history":[{"count":1,"href":"https:\/\/encuentroinformativo.com.mx\/index.php?rest_route=\/wp\/v2\/posts\/15954\/revisions"}],"predecessor-version":[{"id":15957,"href":"https:\/\/encuentroinformativo.com.mx\/index.php?rest_route=\/wp\/v2\/posts\/15954\/revisions\/15957"}],"wp:featuredmedia":[{"embeddable":true,"href":"https:\/\/encuentroinformativo.com.mx\/index.php?rest_route=\/wp\/v2\/media\/15955"}],"wp:attachment":[{"href":"https:\/\/encuentroinformativo.com.mx\/index.php?rest_route=%2Fwp%2Fv2%2Fmedia&parent=15954"}],"wp:term":[{"taxonomy":"category","embeddable":true,"href":"https:\/\/encuentroinformativo.com.mx\/index.php?rest_route=%2Fwp%2Fv2%2Fcategories&post=15954"},{"taxonomy":"post_tag","embeddable":true,"href":"https:\/\/encuentroinformativo.com.mx\/index.php?rest_route=%2Fwp%2Fv2%2Ftags&post=15954"}],"curies":[{"name":"wp","href":"https:\/\/api.w.org\/{rel}","templated":true}]}}