{"id":15963,"date":"2021-07-02T12:34:25","date_gmt":"2021-07-02T17:34:25","guid":{"rendered":"https:\/\/encuentroinformativo.com.mx\/?p=15963"},"modified":"2021-07-02T12:34:30","modified_gmt":"2021-07-02T17:34:30","slug":"nombran-al-pequeno-tadeo-como-soldado-honorario","status":"publish","type":"post","link":"https:\/\/encuentroinformativo.com.mx\/?p=15963","title":{"rendered":"Nombran al peque\u00f1o Tadeo como \u201csoldado  honorario\u201d"},"content":{"rendered":"\n<p><strong>Dar\u00edo Pale <\/strong><\/p>\n\n\n\n<p>Emiliano Zapata, Ver.- El d\u00eda de hoy en las instalaciones del 63 Batall\u00f3n de Infanter\u00eda de El Lencero nombraron &#8220;Soldado Honorario&#8221; al ni\u00f1o Omar Tadeo Osio Altamirano quien padece Distrofia muscular y pie plano.<\/p>\n\n\n\n<p>En una ceremonia honor\u00edfica la cual fue presidida por el coronel de Infanter\u00eda Gabino Torres Sol\u00f3rzano comandante del 63 Batall\u00f3n de Infanter\u00eda en el Lencero y en representaci\u00f3n de la Secretaria de la Defensa Nacional (SEDENA) a trav\u00e9s de la 26 zona militar nombraron &#8220;Soldado Honorario&#8221; del Ejercito Mexicana a un menor de 9 a\u00f1os de edad.<\/p>\n\n\n\n<p>Con estas acciones la intenci\u00f3n de este ejercicio es reconocer a los peque\u00f1os mexicanos que han librado dif\u00edciles batallas a pesar de su corta edad, en una intenci\u00f3n de aplaudir su \u00edmpetu y valor para convertirse en ciudadanos destacados.<\/p>\n\n\n\n<p>En esta ocasi\u00f3n reconocieron a Omar Tadeo Osio Altamirano de 9 a\u00f1os de edad quien padece Distrofia muscular y pie plano y es atendido en el Centro de Rehabilitaci\u00f3n e Inclusi\u00f3n Social de Veracruz (CRIVER).<\/p>\n\n\n\n<figure class=\"wp-block-image size-large\"><img loading=\"lazy\" decoding=\"async\" width=\"750\" height=\"471\" src=\"https:\/\/encuentroinformativo.com.mx\/wp-content\/uploads\/2021\/07\/AB28ECC8-03B0-4932-B450-B6AE2A7DD356.jpeg\" alt=\"\" class=\"wp-image-15965\" srcset=\"https:\/\/encuentroinformativo.com.mx\/wp-content\/uploads\/2021\/07\/AB28ECC8-03B0-4932-B450-B6AE2A7DD356.jpeg 750w, https:\/\/encuentroinformativo.com.mx\/wp-content\/uploads\/2021\/07\/AB28ECC8-03B0-4932-B450-B6AE2A7DD356-300x188.jpeg 300w, https:\/\/encuentroinformativo.com.mx\/wp-content\/uploads\/2021\/07\/AB28ECC8-03B0-4932-B450-B6AE2A7DD356-464x290.jpeg 464w\" sizes=\"auto, (max-width: 750px) 100vw, 750px\" \/><\/figure>\n","protected":false},"excerpt":{"rendered":"<p>Dar\u00edo Pale Emiliano Zapata, Ver.- El d\u00eda de hoy en las instalaciones del 63 Batall\u00f3n de Infanter\u00eda de El Lencero nombraron &#8220;Soldado Honorario&#8221; al ni\u00f1o Omar Tadeo Osio Altamirano quien padece Distrofia muscular y pie plano. En una ceremonia honor\u00edfica la cual fue presidida por el coronel de Infanter\u00eda Gabino Torres Sol\u00f3rzano comandante del 63 [&hellip;]<\/p>\n","protected":false},"author":1,"featured_media":15964,"comment_status":"open","ping_status":"open","sticky":false,"template":"","format":"standard","meta":{"_jetpack_memberships_contains_paid_content":false,"footnotes":""},"categories":[8],"tags":[],"class_list":["post-15963","post","type-post","status-publish","format-standard","has-post-thumbnail","hentry","category-region"],"jetpack_featured_media_url":"https:\/\/encuentroinformativo.com.mx\/wp-content\/uploads\/2021\/07\/0BC3BF93-A35D-4DEC-A9ED-A332935FE2A7.jpeg","jetpack_sharing_enabled":true,"jetpack_likes_enabled":true,"amp_enabled":true,"_links":{"self":[{"href":"https:\/\/encuentroinformativo.com.mx\/index.php?rest_route=\/wp\/v2\/posts\/15963","targetHints":{"allow":["GET"]}}],"collection":[{"href":"https:\/\/encuentroinformativo.com.mx\/index.php?rest_route=\/wp\/v2\/posts"}],"about":[{"href":"https:\/\/encuentroinformativo.com.mx\/index.php?rest_route=\/wp\/v2\/types\/post"}],"author":[{"embeddable":true,"href":"https:\/\/encuentroinformativo.com.mx\/index.php?rest_route=\/wp\/v2\/users\/1"}],"replies":[{"embeddable":true,"href":"https:\/\/encuentroinformativo.com.mx\/index.php?rest_route=%2Fwp%2Fv2%2Fcomments&post=15963"}],"version-history":[{"count":1,"href":"https:\/\/encuentroinformativo.com.mx\/index.php?rest_route=\/wp\/v2\/posts\/15963\/revisions"}],"predecessor-version":[{"id":15966,"href":"https:\/\/encuentroinformativo.com.mx\/index.php?rest_route=\/wp\/v2\/posts\/15963\/revisions\/15966"}],"wp:featuredmedia":[{"embeddable":true,"href":"https:\/\/encuentroinformativo.com.mx\/index.php?rest_route=\/wp\/v2\/media\/15964"}],"wp:attachment":[{"href":"https:\/\/encuentroinformativo.com.mx\/index.php?rest_route=%2Fwp%2Fv2%2Fmedia&parent=15963"}],"wp:term":[{"taxonomy":"category","embeddable":true,"href":"https:\/\/encuentroinformativo.com.mx\/index.php?rest_route=%2Fwp%2Fv2%2Fcategories&post=15963"},{"taxonomy":"post_tag","embeddable":true,"href":"https:\/\/encuentroinformativo.com.mx\/index.php?rest_route=%2Fwp%2Fv2%2Ftags&post=15963"}],"curies":[{"name":"wp","href":"https:\/\/api.w.org\/{rel}","templated":true}]}}