{"id":15967,"date":"2021-07-02T12:49:25","date_gmt":"2021-07-02T17:49:25","guid":{"rendered":"https:\/\/encuentroinformativo.com.mx\/?p=15967"},"modified":"2021-07-02T12:49:29","modified_gmt":"2021-07-02T17:49:29","slug":"disminuyo-recaudacion-del-fideicomiso-del-2-al-hospedaje","status":"publish","type":"post","link":"https:\/\/encuentroinformativo.com.mx\/?p=15967","title":{"rendered":"Disminuy\u00f3 recaudaci\u00f3n del Fideicomiso del 2% al hospedaje"},"content":{"rendered":"\n<p><strong>Alejandro \u00c1vila<\/strong><\/p>\n\n\n\n<p>Alvarado, Ver.- El subsecretario de Turismo de Veracruz, Iv\u00e1n Francisco Mart\u00ednez Olvera, justific\u00f3 la nula promoci\u00f3n tur\u00edstica al Estado en 2021, argumentando que esto se debe a temas burocr\u00e1ticos.<\/p>\n\n\n\n<p>El funcionario estatal reconoci\u00f3 que no existe al momento ninguna promoci\u00f3n a las 7 regiones tur\u00edsticas del Estado.<\/p>\n\n\n\n<p>&#8220;Mes con mes se hacen los dep\u00f3sitos y para que ese mes se vea reflejado pasar\u00edan dos meses m\u00e1s. Obviamente hay muchos proyectos en puerta, algunos ya est\u00e1n en camino, algunos ya est\u00e1n avanzando&#8221;, se\u00f1al\u00f3.<\/p>\n\n\n\n<p>Mart\u00ednez Olvera coment\u00f3 que la recaudaci\u00f3n hotelera en 2021 va de menos a m\u00e1s, situaci\u00f3n contraria a lo que sucedi\u00f3 el a\u00f1o pasado, donde recaudaron 20 millones de pesos menos de lo esperado en el Fideicomiso del 2 por ciento al hospedaje, debido a la pandemia.<\/p>\n\n\n\n<p>&#8220;En un inicio de este a\u00f1o s\u00ed disminuy\u00f3 un poco por obvias razones, porque la pandemia no permit\u00eda la ocupaci\u00f3n, el a\u00f1o pasado obviamente tambi\u00e9n baj\u00f3, antes de que empezara la pandemia, nosotros ya ten\u00edamos proyectado un ingreso de alrededor de 56 millones el a\u00f1o pasado, termin\u00f3 en 36 millones, porque la misma ocupaci\u00f3n no permit\u00eda mayor ocupaci\u00f3n&#8221;, subray\u00f3.<\/p>\n\n\n\n<p>En cuanto a la vacaciones de verano, se\u00f1al\u00f3 que se tiene buenas expectativas, pues ha ido repuntando la ocupaci\u00f3n hotelera en la entidad veracruzana, resaltando que por la semaforizaci\u00f3n epideomol\u00f3gica actual, solo se permite un aforo del 60 por ciento en hoteles; de no haber emergencia sanitaria, las ocupaci\u00f3n para este ciclo, estiman estar\u00eda entre el 80 y 90 por ciento en todo el Estado.<\/p>\n","protected":false},"excerpt":{"rendered":"<p>Alejandro \u00c1vila Alvarado, Ver.- El subsecretario de Turismo de Veracruz, Iv\u00e1n Francisco Mart\u00ednez Olvera, justific\u00f3 la nula promoci\u00f3n tur\u00edstica al Estado en 2021, argumentando que esto se debe a temas burocr\u00e1ticos. El funcionario estatal reconoci\u00f3 que no existe al momento ninguna promoci\u00f3n a las 7 regiones tur\u00edsticas del Estado. &#8220;Mes con mes se hacen los [&hellip;]<\/p>\n","protected":false},"author":1,"featured_media":15968,"comment_status":"open","ping_status":"open","sticky":false,"template":"","format":"standard","meta":{"_jetpack_memberships_contains_paid_content":false,"footnotes":""},"categories":[2],"tags":[],"class_list":["post-15967","post","type-post","status-publish","format-standard","has-post-thumbnail","hentry","category-estado"],"jetpack_featured_media_url":"https:\/\/encuentroinformativo.com.mx\/wp-content\/uploads\/2021\/07\/E24B2A4F-98A7-4C7C-837E-49DDFD1B7E2B.jpeg","jetpack_sharing_enabled":true,"jetpack_likes_enabled":true,"amp_enabled":true,"_links":{"self":[{"href":"https:\/\/encuentroinformativo.com.mx\/index.php?rest_route=\/wp\/v2\/posts\/15967","targetHints":{"allow":["GET"]}}],"collection":[{"href":"https:\/\/encuentroinformativo.com.mx\/index.php?rest_route=\/wp\/v2\/posts"}],"about":[{"href":"https:\/\/encuentroinformativo.com.mx\/index.php?rest_route=\/wp\/v2\/types\/post"}],"author":[{"embeddable":true,"href":"https:\/\/encuentroinformativo.com.mx\/index.php?rest_route=\/wp\/v2\/users\/1"}],"replies":[{"embeddable":true,"href":"https:\/\/encuentroinformativo.com.mx\/index.php?rest_route=%2Fwp%2Fv2%2Fcomments&post=15967"}],"version-history":[{"count":1,"href":"https:\/\/encuentroinformativo.com.mx\/index.php?rest_route=\/wp\/v2\/posts\/15967\/revisions"}],"predecessor-version":[{"id":15969,"href":"https:\/\/encuentroinformativo.com.mx\/index.php?rest_route=\/wp\/v2\/posts\/15967\/revisions\/15969"}],"wp:featuredmedia":[{"embeddable":true,"href":"https:\/\/encuentroinformativo.com.mx\/index.php?rest_route=\/wp\/v2\/media\/15968"}],"wp:attachment":[{"href":"https:\/\/encuentroinformativo.com.mx\/index.php?rest_route=%2Fwp%2Fv2%2Fmedia&parent=15967"}],"wp:term":[{"taxonomy":"category","embeddable":true,"href":"https:\/\/encuentroinformativo.com.mx\/index.php?rest_route=%2Fwp%2Fv2%2Fcategories&post=15967"},{"taxonomy":"post_tag","embeddable":true,"href":"https:\/\/encuentroinformativo.com.mx\/index.php?rest_route=%2Fwp%2Fv2%2Ftags&post=15967"}],"curies":[{"name":"wp","href":"https:\/\/api.w.org\/{rel}","templated":true}]}}