{"id":15970,"date":"2021-07-02T13:19:41","date_gmt":"2021-07-02T18:19:41","guid":{"rendered":"https:\/\/encuentroinformativo.com.mx\/?p=15970"},"modified":"2021-07-02T13:19:45","modified_gmt":"2021-07-02T18:19:45","slug":"dieron-de-alta-a-jacobo-regreso-a-soteapan-el-menor-ingirio-pan-envenenado","status":"publish","type":"post","link":"https:\/\/encuentroinformativo.com.mx\/?p=15970","title":{"rendered":"Dieron de alta a Jacobo, regres\u00f3 a Soteapan; el menor ingiri\u00f3 pan envenenado"},"content":{"rendered":"\n<p><strong>Dar\u00edo<\/strong> <strong>Pale<\/strong><\/p>\n\n\n\n<p>Xalapa, Ver.- Dan de alta al peque\u00f1o Jacobo, lo trasladan en aeronave a su tierra en Soteapan esto luego de que logr\u00f3 sobrevivir despu\u00e9s de ingerir pan envenenado en el patio de su casa.<\/p>\n\n\n\n<p>El menor de edad Jacobo fue dado de alta y trasladado junto son su mam\u00e1 a Soteapan despu\u00e9s de recuperarse as\u00ed lo dio a conocer el secretario de Salud, Roberto Ramos Alor.<\/p>\n\n\n\n<p>A trav\u00e9s de las redes sociales se\u00f1al\u00f3:  &#8220;Familia veracruzana, les informo que hoy Jacobo fue dado de alta y a indicaciones del gobernador Cuitl\u00e1huac Garc\u00eda Jim\u00e9nez, lo llevamos a \u00e9l y su mam\u00e1 do\u00f1a Hermila a su natal San Antonio en Soteapan&#8221;.<\/p>\n\n\n\n<p>Expuso que el traslado fue en una aeronave de gobierno estatal al aeropuerto internacional de Canticas y de ah\u00ed en ambulancia de alta especialidad de SESVER a su hogar, &#8220;Jacobo va recuperado, sin embargo seguir\u00e1 en vigilancia m\u00e9dica&#8221;.<\/p>\n\n\n\n<p>Agradeci\u00f3 a las y los m\u00e9dicos que formaron un excelente equipo multidisciplinario para salvar la vida del ni\u00f1o, tal y como lo hacen cada d\u00eda con los pacientes en las unidades de los Servicios de Salud de Veracruz.<\/p>\n\n\n\n<p>Hay que recordar que el pasado 26 de junio los dos hermanitos Adriana y Jacobo ingirieron pan envenenado cuando jugaban en el patio de su casa, al verlos que estaban inconscientes, su familia pidi\u00f3 ayuda para llevarlos al hospital comunitario de Tonalapa, pero lamentablemente la peque\u00f1a Adriana, de apenas 5 a\u00f1os de edad falleci\u00f3.<\/p>\n\n\n\n<p>Jacobo estuvo internado varios d\u00edas debido a la gravedad que presentaba, pero este d\u00eda ya fue regresado con sus familiares.<\/p>\n","protected":false},"excerpt":{"rendered":"<p>Dar\u00edo Pale Xalapa, Ver.- Dan de alta al peque\u00f1o Jacobo, lo trasladan en aeronave a su tierra en Soteapan esto luego de que logr\u00f3 sobrevivir despu\u00e9s de ingerir pan envenenado en el patio de su casa. El menor de edad Jacobo fue dado de alta y trasladado junto son su mam\u00e1 a Soteapan despu\u00e9s de [&hellip;]<\/p>\n","protected":false},"author":1,"featured_media":15971,"comment_status":"open","ping_status":"open","sticky":false,"template":"","format":"standard","meta":{"_jetpack_memberships_contains_paid_content":false,"footnotes":""},"categories":[9],"tags":[],"class_list":["post-15970","post","type-post","status-publish","format-standard","has-post-thumbnail","hentry","category-salud"],"jetpack_featured_media_url":"https:\/\/encuentroinformativo.com.mx\/wp-content\/uploads\/2021\/07\/BF35A21B-78C3-4741-B1D7-1D496D66FBF5.jpeg","jetpack_sharing_enabled":true,"jetpack_likes_enabled":true,"amp_enabled":true,"_links":{"self":[{"href":"https:\/\/encuentroinformativo.com.mx\/index.php?rest_route=\/wp\/v2\/posts\/15970","targetHints":{"allow":["GET"]}}],"collection":[{"href":"https:\/\/encuentroinformativo.com.mx\/index.php?rest_route=\/wp\/v2\/posts"}],"about":[{"href":"https:\/\/encuentroinformativo.com.mx\/index.php?rest_route=\/wp\/v2\/types\/post"}],"author":[{"embeddable":true,"href":"https:\/\/encuentroinformativo.com.mx\/index.php?rest_route=\/wp\/v2\/users\/1"}],"replies":[{"embeddable":true,"href":"https:\/\/encuentroinformativo.com.mx\/index.php?rest_route=%2Fwp%2Fv2%2Fcomments&post=15970"}],"version-history":[{"count":1,"href":"https:\/\/encuentroinformativo.com.mx\/index.php?rest_route=\/wp\/v2\/posts\/15970\/revisions"}],"predecessor-version":[{"id":15972,"href":"https:\/\/encuentroinformativo.com.mx\/index.php?rest_route=\/wp\/v2\/posts\/15970\/revisions\/15972"}],"wp:featuredmedia":[{"embeddable":true,"href":"https:\/\/encuentroinformativo.com.mx\/index.php?rest_route=\/wp\/v2\/media\/15971"}],"wp:attachment":[{"href":"https:\/\/encuentroinformativo.com.mx\/index.php?rest_route=%2Fwp%2Fv2%2Fmedia&parent=15970"}],"wp:term":[{"taxonomy":"category","embeddable":true,"href":"https:\/\/encuentroinformativo.com.mx\/index.php?rest_route=%2Fwp%2Fv2%2Fcategories&post=15970"},{"taxonomy":"post_tag","embeddable":true,"href":"https:\/\/encuentroinformativo.com.mx\/index.php?rest_route=%2Fwp%2Fv2%2Ftags&post=15970"}],"curies":[{"name":"wp","href":"https:\/\/api.w.org\/{rel}","templated":true}]}}