{"id":15980,"date":"2021-07-02T13:53:30","date_gmt":"2021-07-02T18:53:30","guid":{"rendered":"https:\/\/encuentroinformativo.com.mx\/?p=15980"},"modified":"2021-07-02T13:53:34","modified_gmt":"2021-07-02T18:53:34","slug":"sin-fecha-para-ingreso-de-la-canicula","status":"publish","type":"post","link":"https:\/\/encuentroinformativo.com.mx\/?p=15980","title":{"rendered":"Sin fecha para ingreso de la can\u00edcula"},"content":{"rendered":"\n<p><strong>Dar\u00edo Pale<\/strong><\/p>\n\n\n\n<p>Xalapa, Ver.- La jefa de Hidrometeorolog\u00eda de la Comisi\u00f3n Nacional del Agua (Conagua), Jessica Luna dio a conocer que este a\u00f1o la can\u00edcula pudiera observarse en gran parte del Estado.<\/p>\n\n\n\n<p>En la tradicional conferencia de prensa realizada en las instalaciones de la Secretar\u00eda  de Proteccion Civil, resalt\u00f3 que en otros a\u00f1os no se puede observar clara la presencia del fen\u00f3meno que consiste en la disminuci\u00f3n de las precipitaciones dentro de la temporada de lluvias, que es de junio a noviembre.<\/p>\n\n\n\n<p>Coment\u00f3 que no se tiene una fecha precisa para predecir cu\u00e1ndo se presentar\u00e1 la can\u00edcula, pero regularmente es entre la segunda quincena de julio y la primera quincena de agosto, aunque puede ser antes y concluir despu\u00e9s.<\/p>\n\n\n\n<p>Jessica Luna record\u00f3 que durante la can\u00edcula hay mayor concentraci\u00f3n de humedad, lo que hace que la sensaci\u00f3n t\u00e9rmica sea mayor, es decir, sentimos mayor bochorno, pero no quiere decir que sean las temperaturas m\u00e1s altas.<\/p>\n\n\n\n<p>Subray\u00f3 que el pron\u00f3stico clim\u00e1tico est\u00e1 indicando d\u00e9ficit de lluvias, as\u00ed como temperaturas por arriba de la media, por otra parte, puntualiz\u00f3 que del 5 al 12 de julio llover\u00e1 menos, pero a partir del 12 al 19 de este mes, estaremos dentro de lo normal.<\/p>\n\n\n\n<p>Finalmente se\u00f1al\u00f3 que para la \u00faltima semana de este mes habr\u00e1 nuevamente un d\u00e9ficit de lluvias para todo el Estado, lo cual pudiera obedecer a la can\u00edcula.<\/p>\n","protected":false},"excerpt":{"rendered":"<p>Dar\u00edo Pale Xalapa, Ver.- La jefa de Hidrometeorolog\u00eda de la Comisi\u00f3n Nacional del Agua (Conagua), Jessica Luna dio a conocer que este a\u00f1o la can\u00edcula pudiera observarse en gran parte del Estado. En la tradicional conferencia de prensa realizada en las instalaciones de la Secretar\u00eda de Proteccion Civil, resalt\u00f3 que en otros a\u00f1os no se [&hellip;]<\/p>\n","protected":false},"author":1,"featured_media":15981,"comment_status":"open","ping_status":"open","sticky":false,"template":"","format":"standard","meta":{"_jetpack_memberships_contains_paid_content":false,"footnotes":""},"categories":[2],"tags":[],"class_list":["post-15980","post","type-post","status-publish","format-standard","has-post-thumbnail","hentry","category-estado"],"jetpack_featured_media_url":"https:\/\/encuentroinformativo.com.mx\/wp-content\/uploads\/2021\/07\/86B6B919-6984-41B4-BAB5-31FBD293F28F.jpeg","jetpack_sharing_enabled":true,"jetpack_likes_enabled":true,"amp_enabled":true,"_links":{"self":[{"href":"https:\/\/encuentroinformativo.com.mx\/index.php?rest_route=\/wp\/v2\/posts\/15980","targetHints":{"allow":["GET"]}}],"collection":[{"href":"https:\/\/encuentroinformativo.com.mx\/index.php?rest_route=\/wp\/v2\/posts"}],"about":[{"href":"https:\/\/encuentroinformativo.com.mx\/index.php?rest_route=\/wp\/v2\/types\/post"}],"author":[{"embeddable":true,"href":"https:\/\/encuentroinformativo.com.mx\/index.php?rest_route=\/wp\/v2\/users\/1"}],"replies":[{"embeddable":true,"href":"https:\/\/encuentroinformativo.com.mx\/index.php?rest_route=%2Fwp%2Fv2%2Fcomments&post=15980"}],"version-history":[{"count":1,"href":"https:\/\/encuentroinformativo.com.mx\/index.php?rest_route=\/wp\/v2\/posts\/15980\/revisions"}],"predecessor-version":[{"id":15982,"href":"https:\/\/encuentroinformativo.com.mx\/index.php?rest_route=\/wp\/v2\/posts\/15980\/revisions\/15982"}],"wp:featuredmedia":[{"embeddable":true,"href":"https:\/\/encuentroinformativo.com.mx\/index.php?rest_route=\/wp\/v2\/media\/15981"}],"wp:attachment":[{"href":"https:\/\/encuentroinformativo.com.mx\/index.php?rest_route=%2Fwp%2Fv2%2Fmedia&parent=15980"}],"wp:term":[{"taxonomy":"category","embeddable":true,"href":"https:\/\/encuentroinformativo.com.mx\/index.php?rest_route=%2Fwp%2Fv2%2Fcategories&post=15980"},{"taxonomy":"post_tag","embeddable":true,"href":"https:\/\/encuentroinformativo.com.mx\/index.php?rest_route=%2Fwp%2Fv2%2Ftags&post=15980"}],"curies":[{"name":"wp","href":"https:\/\/api.w.org\/{rel}","templated":true}]}}