{"id":15995,"date":"2021-07-02T15:49:52","date_gmt":"2021-07-02T20:49:52","guid":{"rendered":"https:\/\/encuentroinformativo.com.mx\/?p=15995"},"modified":"2021-07-02T15:49:56","modified_gmt":"2021-07-02T20:49:56","slug":"se-impulsara-creacion-de-policias-municipales-cisneros","status":"publish","type":"post","link":"https:\/\/encuentroinformativo.com.mx\/?p=15995","title":{"rendered":"Se impulsar\u00e1 creaci\u00f3n de polic\u00edas municipales: Cisneros"},"content":{"rendered":"\n<p><strong>Dar\u00edo Pale <\/strong><\/p>\n\n\n\n<p>Xalapa, Ver.- El Secretario de Gobierno Eric Cisneros Burgos dio a conocer que uno de los temas principales que est\u00e1n tratando con los alcaldes electos es la creaci\u00f3n de las polic\u00edas municipales ya que muchos de ellos no cuentan con un cuerpo de seguridad propia.<\/p>\n\n\n\n<p>Entrevistado durante un recorrido por los locales que se encuentran en la &#8220;Expo Artesanal y Cultural&#8221; en la Plaza Lerdo, acompa\u00f1ado de alcaldes del sur dio a conocer que con la intenci\u00f3n de esta nueva normalidad con las medidas de sanidad puedan seguir teniendo actividades econ\u00f3micas para que los artesanos y los peque\u00f1os productores tengan una opci\u00f3n digna de llevar un recurso a su casa.<\/p>\n\n\n\n<p>Coment\u00f3 que &#8220;hoy tuvimos una reuni\u00f3n con alcaldes del sur de Veracruz, nos hemos huido reuniendo poco a poco de diferentes regiones y los invite para que conozcan c\u00f3mo podemos reactivar de manera regional algunas actividades promoviendo con la sana distancia pero tambi\u00e9n las medidas de sanidad que recomiendan las autoridades de salud&#8221;.<\/p>\n\n\n\n<p>En cuanto a la consulta de los derechos ind\u00edgenas y afrodescendientes en cuatro lugares del estado de Veracruz coment\u00f3 que &#8220;nosotros en el caso de los afrodescendientes hemos participado como afrodescendientes que somos de origen afro y mexicano y vamos a seguir promoviendo las consultas de las minor\u00edas porque creo que independientemente de nuestro color y origen todos debemos gozar de plenos derechos humanos y constitucionales&#8221;.<\/p>\n\n\n\n<p>En otro orden de ideas en cuanto a las reuniones con los alcaldes electos se\u00f1al\u00f3 que hasta el momento se ha reunido con aproximadamente 40 de ellos van poco a poco ya que buscan que no excedan el n\u00famero de 10 y van a buscar reunirse con todos los alcaldes.<\/p>\n\n\n\n<p>Dentro los principales temas est\u00e1n viendo el de la polic\u00eda municipal ya que muchos de ellos no cuentan con una fuerza de seguridad propia y est\u00e1n buscando un acuerdo con todos ellos para que cuando ingresen tengan una polic\u00eda municipal m\u00ednima en sus municipios y construyan cuerpos de seguridad de proximidad social como debe de ser la polic\u00eda municipal en todos los municipios del estado.<\/p>\n\n\n\n<p>En cuanto a la entrega de la tesorer\u00eda, polic\u00eda y la direcci\u00f3n de obras a los grupos delincuenciales dio a conocer que en la primera etapa con todos los que se han reunido es una parte que no solo ellos la est\u00e9n se\u00f1alando si no que los alcaldes electos la est\u00e1n compartiendo el tema de que se deben de limpiar las administraciones p\u00fablicas de todos los niveles.<\/p>\n\n\n\n<p>Dio a conocer que van poco a poco van reuni\u00e9ndose principalmente de la zona centro pero si se van a reunir con todos los alcaldes electos, hoy le toc\u00f3 a Nanchital, Agua Dulce, Las Choapas, Ixhuatlan del Sureste, Minatitl\u00e1n, Tatahuicapan, Sayula de Aleman y San Juan Evangelista.<\/p>\n\n\n\n<p>Finalmente invit\u00f3 a la ciudadan\u00eda para que asistan a la &#8220;Expo Artesanal y Cultural&#8221; respetando las medidas de salud puedan ayudar a los artesanos y peque\u00f1os productores para que se reactive la econom\u00eda ya que permanecer\u00e1n hasta el d\u00eda de ma\u00f1ana.<\/p>\n","protected":false},"excerpt":{"rendered":"<p>Dar\u00edo Pale Xalapa, Ver.- El Secretario de Gobierno Eric Cisneros Burgos dio a conocer que uno de los temas principales que est\u00e1n tratando con los alcaldes electos es la creaci\u00f3n de las polic\u00edas municipales ya que muchos de ellos no cuentan con un cuerpo de seguridad propia. Entrevistado durante un recorrido por los locales que [&hellip;]<\/p>\n","protected":false},"author":1,"featured_media":15996,"comment_status":"open","ping_status":"open","sticky":false,"template":"","format":"standard","meta":{"_jetpack_memberships_contains_paid_content":false,"footnotes":""},"categories":[2],"tags":[],"class_list":["post-15995","post","type-post","status-publish","format-standard","has-post-thumbnail","hentry","category-estado"],"jetpack_featured_media_url":"https:\/\/encuentroinformativo.com.mx\/wp-content\/uploads\/2021\/07\/C2505119-DBA8-4FE8-861F-8274D25D6958.jpeg","jetpack_sharing_enabled":true,"jetpack_likes_enabled":true,"amp_enabled":true,"_links":{"self":[{"href":"https:\/\/encuentroinformativo.com.mx\/index.php?rest_route=\/wp\/v2\/posts\/15995","targetHints":{"allow":["GET"]}}],"collection":[{"href":"https:\/\/encuentroinformativo.com.mx\/index.php?rest_route=\/wp\/v2\/posts"}],"about":[{"href":"https:\/\/encuentroinformativo.com.mx\/index.php?rest_route=\/wp\/v2\/types\/post"}],"author":[{"embeddable":true,"href":"https:\/\/encuentroinformativo.com.mx\/index.php?rest_route=\/wp\/v2\/users\/1"}],"replies":[{"embeddable":true,"href":"https:\/\/encuentroinformativo.com.mx\/index.php?rest_route=%2Fwp%2Fv2%2Fcomments&post=15995"}],"version-history":[{"count":1,"href":"https:\/\/encuentroinformativo.com.mx\/index.php?rest_route=\/wp\/v2\/posts\/15995\/revisions"}],"predecessor-version":[{"id":15997,"href":"https:\/\/encuentroinformativo.com.mx\/index.php?rest_route=\/wp\/v2\/posts\/15995\/revisions\/15997"}],"wp:featuredmedia":[{"embeddable":true,"href":"https:\/\/encuentroinformativo.com.mx\/index.php?rest_route=\/wp\/v2\/media\/15996"}],"wp:attachment":[{"href":"https:\/\/encuentroinformativo.com.mx\/index.php?rest_route=%2Fwp%2Fv2%2Fmedia&parent=15995"}],"wp:term":[{"taxonomy":"category","embeddable":true,"href":"https:\/\/encuentroinformativo.com.mx\/index.php?rest_route=%2Fwp%2Fv2%2Fcategories&post=15995"},{"taxonomy":"post_tag","embeddable":true,"href":"https:\/\/encuentroinformativo.com.mx\/index.php?rest_route=%2Fwp%2Fv2%2Ftags&post=15995"}],"curies":[{"name":"wp","href":"https:\/\/api.w.org\/{rel}","templated":true}]}}