{"id":15998,"date":"2021-07-02T16:06:29","date_gmt":"2021-07-02T21:06:29","guid":{"rendered":"https:\/\/encuentroinformativo.com.mx\/?p=15998"},"modified":"2021-07-02T16:06:33","modified_gmt":"2021-07-02T21:06:33","slug":"por-pandemia-niegan-tratamiento-a-adolescente-en-el-haev","status":"publish","type":"post","link":"https:\/\/encuentroinformativo.com.mx\/?p=15998","title":{"rendered":"Por pandemia, niegan tratamiento a adolescente en el HAEV"},"content":{"rendered":"\n<p><strong>Alejandro \u00c1vila<\/strong> <\/p>\n\n\n\n<p>Veracruz, Ver.- La madre de Estefan\u00eda, solicita el apoyo de las autoridades de Gobierno del Estado para concretar la recepci\u00f3n y tratamiento de su hija de 16 y diagnosticada con S\u00edndrome de Lennox Gastaut, en el Hospital de Alta Especialidad de Veracruz.<\/p>\n\n\n\n<p>La se\u00f1ora Alicia Rosas Villegas, relat\u00f3 que su peque\u00f1a sufre de convulsiones constantes desde los siete a\u00f1os, a los nueve, su condici\u00f3n comenz\u00f3 a deterior\u00e1ndose y ahora, a sus apenas 16 a\u00f1os, no camina, no habla y no ve.<\/p>\n\n\n\n<p>La ahora adolescente recib\u00eda tratamiento en el IMSS de Veracruz, pero en pandemia su madre perdi\u00f3 el trabajo y por ende dicho beneficio para ella y su hija, desde diciembre del 2020; ante esta situaci\u00f3n, solicitan la ayuda de la Secretar\u00eda de Salud, para que contin\u00fae su tratamiento m\u00e9dico y terapias de rehabilitaci\u00f3n.<\/p>\n\n\n\n<p>La madre angustiada, se\u00f1al\u00f3 que en el Hospital Regional de Alta Especialidad le negaron la atenci\u00f3n argumentando la pandemia.<\/p>\n\n\n\n<p>&#8220;Antier le dieron 14 convulsiones, yo no s\u00e9 si se hizo renuente al medicamento, est\u00e1 as\u00ed porque estuvo convulsionando, me qued\u00e9 sin trabajo y me qued\u00e9 sin seguro. Fui al Centro de Salud de aqu\u00ed para que me dieran una orden para seguirla tratando en el Regional con un neur\u00f3logo pediatra, pero me dijeron que por la pandemia no hay citas&#8221;, subray\u00f3.<\/p>\n\n\n\n<p>La familia desde hace seis meses vive un calvario, pues los m\u00e9dicos han informado que a pesar de medicarla, sino cumple con sus tratamiento y rehabilitaci\u00f3n, no tienen esperanzas.<\/p>\n\n\n\n<p>&#8220;La enfermedad de ella es progresiva, al grado hasta de olvidar masticar y si, porque ella masticaba primero. El problema a los 7, a agravar m\u00e1s a los 9 al grado que est\u00e1 ahorita, empez\u00f3 perdiendo la vista, ella caminaba, caminaba, ya no camina, no ve, no come por s\u00ed sola, com\u00eda sola, usa pa\u00f1ales, s\u00f3lo escucha&#8221;, dijo su madre.<\/p>\n\n\n\n<p>Do\u00f1a Alicia se\u00f1al\u00f3 que como pueden lograr surtir la receta m\u00e9dica que les dio el m\u00e9dico del IMSS en diciembre (Maltrato de Magnesio y Leviratezant); pero es complicado pagarlos de patente, pues tienen un costo de 700 pesos, por lo que muchas veces los han adquirido gen\u00e9ricos.<\/p>\n\n\n\n<p>&#8220;Ella era muy activa, muy inteligente. Ella era muy atenta, muy lista, la veo y no puedo asimilar verla tan mal, a veces ya no puedo m\u00e1s, el d\u00eda que le dieron la convulsiones pens\u00e9 que se mor\u00eda, estaba muy mal y no poder el recurso, no poderla llevar&#8221;.<\/p>\n\n\n\n<p>La familia vive en la congregaci\u00f3n Valente D\u00edaz de Veracruz, en la colonia &#8220;Colina de los P\u00e1jaros&#8221; a aproximadamente 40 minutos del centro de Veracruz<\/p>\n","protected":false},"excerpt":{"rendered":"<p>Alejandro \u00c1vila Veracruz, Ver.- La madre de Estefan\u00eda, solicita el apoyo de las autoridades de Gobierno del Estado para concretar la recepci\u00f3n y tratamiento de su hija de 16 y diagnosticada con S\u00edndrome de Lennox Gastaut, en el Hospital de Alta Especialidad de Veracruz. La se\u00f1ora Alicia Rosas Villegas, relat\u00f3 que su peque\u00f1a sufre de [&hellip;]<\/p>\n","protected":false},"author":1,"featured_media":15999,"comment_status":"open","ping_status":"open","sticky":false,"template":"","format":"standard","meta":{"_jetpack_memberships_contains_paid_content":false,"footnotes":""},"categories":[9],"tags":[],"class_list":["post-15998","post","type-post","status-publish","format-standard","has-post-thumbnail","hentry","category-salud"],"jetpack_featured_media_url":"https:\/\/encuentroinformativo.com.mx\/wp-content\/uploads\/2021\/07\/869B3B02-D19F-4679-B06A-92C7372D24A7.jpeg","jetpack_sharing_enabled":true,"jetpack_likes_enabled":true,"amp_enabled":true,"_links":{"self":[{"href":"https:\/\/encuentroinformativo.com.mx\/index.php?rest_route=\/wp\/v2\/posts\/15998","targetHints":{"allow":["GET"]}}],"collection":[{"href":"https:\/\/encuentroinformativo.com.mx\/index.php?rest_route=\/wp\/v2\/posts"}],"about":[{"href":"https:\/\/encuentroinformativo.com.mx\/index.php?rest_route=\/wp\/v2\/types\/post"}],"author":[{"embeddable":true,"href":"https:\/\/encuentroinformativo.com.mx\/index.php?rest_route=\/wp\/v2\/users\/1"}],"replies":[{"embeddable":true,"href":"https:\/\/encuentroinformativo.com.mx\/index.php?rest_route=%2Fwp%2Fv2%2Fcomments&post=15998"}],"version-history":[{"count":1,"href":"https:\/\/encuentroinformativo.com.mx\/index.php?rest_route=\/wp\/v2\/posts\/15998\/revisions"}],"predecessor-version":[{"id":16000,"href":"https:\/\/encuentroinformativo.com.mx\/index.php?rest_route=\/wp\/v2\/posts\/15998\/revisions\/16000"}],"wp:featuredmedia":[{"embeddable":true,"href":"https:\/\/encuentroinformativo.com.mx\/index.php?rest_route=\/wp\/v2\/media\/15999"}],"wp:attachment":[{"href":"https:\/\/encuentroinformativo.com.mx\/index.php?rest_route=%2Fwp%2Fv2%2Fmedia&parent=15998"}],"wp:term":[{"taxonomy":"category","embeddable":true,"href":"https:\/\/encuentroinformativo.com.mx\/index.php?rest_route=%2Fwp%2Fv2%2Fcategories&post=15998"},{"taxonomy":"post_tag","embeddable":true,"href":"https:\/\/encuentroinformativo.com.mx\/index.php?rest_route=%2Fwp%2Fv2%2Ftags&post=15998"}],"curies":[{"name":"wp","href":"https:\/\/api.w.org\/{rel}","templated":true}]}}